{"id":10798,"date":"2022-03-02T12:23:47","date_gmt":"2022-03-02T15:23:47","guid":{"rendered":"https:\/\/lacontracara.com\/?p=10798"},"modified":"2022-03-02T12:23:49","modified_gmt":"2022-03-02T15:23:49","slug":"comienzan-las-clases-gustavo-saenz-encabezo-la-apertura-del-ciclo-lectivo-2022","status":"publish","type":"post","link":"https:\/\/lacontracara.com\/index.php\/2022\/03\/02\/comienzan-las-clases-gustavo-saenz-encabezo-la-apertura-del-ciclo-lectivo-2022\/","title":{"rendered":"Comienzan las clases: Gustavo S\u00e1enz encabez\u00f3 la apertura del ciclo lectivo 2022"},"content":{"rendered":"\n<p>Este mi\u00e9rcoles,<strong>\u00a0Gustavo S\u00e1enz<\/strong>, encabez\u00f3 el acto de apertura del\u00a0<strong>ciclo lectivo 2022<\/strong>\u00a0en una instituci\u00f3n de la localidad de\u00a0<strong>Campo Quijano<\/strong>. \u201cPudimos comenzar en tiempo y forma\u201d, aleg\u00f3 el gobernador.<\/p>\n\n\n\n<p>El mandatario agradeci\u00f3 la voluntad de di\u00e1logo por parte de los docentes para acordar la vuelta a clases, tras haber cerrado la negociaci\u00f3n paritaria con un resultado satisfactorio. \u201cInvertir en educaci\u00f3n no es un gasto\u00bb, reiter\u00f3 S\u00e1enz.<\/p>\n\n\n\n<p>Finaliz\u00f3 su discurso llamando a la solidaridad y el compa\u00f1erismo. Afirm\u00f3 la importancia de ayudarnos mutuamente con el fin de construir juntos&nbsp;<strong>\u201cuna Salta mejor\u201d<\/strong>.<ins><\/ins><\/p>\n","protected":false},"excerpt":{"rendered":"<p>Este mi\u00e9rcoles,\u00a0Gustavo S\u00e1enz, encabez\u00f3 el acto de apertura del\u00a0ciclo lectivo 2022\u00a0en una instituci\u00f3n de la localidad de\u00a0Campo Quijano. \u201cPudimos comenzar en tiempo y forma\u201d, aleg\u00f3 el gobernador. El mandatario agradeci\u00f3&#8230; <\/p>\n","protected":false},"author":4,"featured_media":10802,"comment_status":"open","ping_status":"open","sticky":false,"template":"","format":"standard","meta":{"footnotes":""},"categories":[1],"tags":[1864,948,229,35],"class_list":["post-10798","post","type-post","status-publish","format-standard","has-post-thumbnail","hentry","category-sin-categoria","tag-campo-quijano","tag-ciclo-lectivo-2022","tag-gustavo-saenz","tag-salta"],"_links":{"self":[{"href":"https:\/\/lacontracara.com\/index.php\/wp-json\/wp\/v2\/posts\/10798","targetHints":{"allow":["GET"]}}],"collection":[{"href":"https:\/\/lacontracara.com\/index.php\/wp-json\/wp\/v2\/posts"}],"about":[{"href":"https:\/\/lacontracara.com\/index.php\/wp-json\/wp\/v2\/types\/post"}],"author":[{"embeddable":true,"href":"https:\/\/lacontracara.com\/index.php\/wp-json\/wp\/v2\/users\/4"}],"replies":[{"embeddable":true,"href":"https:\/\/lacontracara.com\/index.php\/wp-json\/wp\/v2\/comments?post=10798"}],"version-history":[{"count":1,"href":"https:\/\/lacontracara.com\/index.php\/wp-json\/wp\/v2\/posts\/10798\/revisions"}],"predecessor-version":[{"id":10803,"href":"https:\/\/lacontracara.com\/index.php\/wp-json\/wp\/v2\/posts\/10798\/revisions\/10803"}],"wp:featuredmedia":[{"embeddable":true,"href":"https:\/\/lacontracara.com\/index.php\/wp-json\/wp\/v2\/media\/10802"}],"wp:attachment":[{"href":"https:\/\/lacontracara.com\/index.php\/wp-json\/wp\/v2\/media?parent=10798"}],"wp:term":[{"taxonomy":"category","embeddable":true,"href":"https:\/\/lacontracara.com\/index.php\/wp-json\/wp\/v2\/categories?post=10798"},{"taxonomy":"post_tag","embeddable":true,"href":"https:\/\/lacontracara.com\/index.php\/wp-json\/wp\/v2\/tags?post=10798"}],"curies":[{"name":"wp","href":"https:\/\/api.w.org\/{rel}","templated":true}]}}