{"id":10936,"date":"2022-03-03T10:32:16","date_gmt":"2022-03-03T13:32:16","guid":{"rendered":"https:\/\/lacontracara.com\/?p=10936"},"modified":"2022-03-03T10:32:18","modified_gmt":"2022-03-03T13:32:18","slug":"prohibido-saltenos-no-pueden-estacionar-motos-en-las-peatonales","status":"publish","type":"post","link":"https:\/\/lacontracara.com\/index.php\/2022\/03\/03\/prohibido-saltenos-no-pueden-estacionar-motos-en-las-peatonales\/","title":{"rendered":"Prohibido | Salte\u00f1os no pueden estacionar motos en las peatonales"},"content":{"rendered":"\n<p>Las motos que se estacionen en las peatonales, la plaza 9 de Julio, plazoleta IV Siglos y zonas aleda\u00f1as ser\u00e1n secuestradas por agentes municipales.<\/p>\n\n\n\n<p>FM Profesional inform\u00f3 que se multar\u00e1n y secuestrar\u00e1n las motos que estacionen en esas zonas.<\/p>\n\n\n\n<p>Las autoridades ampliaron el per\u00edmetro de verificaci\u00f3n a plazas, espacios verdes y sectores como veredas anchas, ya que se recibieron denuncias p\u00fablicas por el mal uso de los mismos.<\/p>\n\n\n\n<p>La emisora agreg\u00f3 que bajo Ordenanza municipal N\u00b0 14395, no se debe estacionar ni detenerse en aquellos sectores donde se pueda afectar la seguridad, visibilidad o fluidez del tr\u00e1nsito, se oculte la se\u00f1alizaci\u00f3n o se interrumpa el tr\u00e1nsito de peatones.<\/p>\n\n\n\n<p>La ley de tr\u00e1nsito establece, entre otras cosas, que no se debe estacionar sobre la senda para peatones o bicicletas, aceras, rieles, sobre la calzada, y en los diez metros anteriores y posteriores a la parada del transporte de pasajeros.<\/p>\n","protected":false},"excerpt":{"rendered":"<p>Las motos que se estacionen en las peatonales, la plaza 9 de Julio, plazoleta IV Siglos y zonas aleda\u00f1as ser\u00e1n secuestradas por agentes municipales. FM Profesional inform\u00f3 que se multar\u00e1n&#8230; <\/p>\n","protected":false},"author":4,"featured_media":10939,"comment_status":"open","ping_status":"open","sticky":false,"template":"","format":"standard","meta":{"footnotes":""},"categories":[42,22],"tags":[1897,1898,35,1899],"class_list":["post-10936","post","type-post","status-publish","format-standard","has-post-thumbnail","hentry","category-salta","category-sociedad","tag-motos","tag-peatonal","tag-salta","tag-transito-municipal"],"_links":{"self":[{"href":"https:\/\/lacontracara.com\/index.php\/wp-json\/wp\/v2\/posts\/10936","targetHints":{"allow":["GET"]}}],"collection":[{"href":"https:\/\/lacontracara.com\/index.php\/wp-json\/wp\/v2\/posts"}],"about":[{"href":"https:\/\/lacontracara.com\/index.php\/wp-json\/wp\/v2\/types\/post"}],"author":[{"embeddable":true,"href":"https:\/\/lacontracara.com\/index.php\/wp-json\/wp\/v2\/users\/4"}],"replies":[{"embeddable":true,"href":"https:\/\/lacontracara.com\/index.php\/wp-json\/wp\/v2\/comments?post=10936"}],"version-history":[{"count":1,"href":"https:\/\/lacontracara.com\/index.php\/wp-json\/wp\/v2\/posts\/10936\/revisions"}],"predecessor-version":[{"id":10940,"href":"https:\/\/lacontracara.com\/index.php\/wp-json\/wp\/v2\/posts\/10936\/revisions\/10940"}],"wp:featuredmedia":[{"embeddable":true,"href":"https:\/\/lacontracara.com\/index.php\/wp-json\/wp\/v2\/media\/10939"}],"wp:attachment":[{"href":"https:\/\/lacontracara.com\/index.php\/wp-json\/wp\/v2\/media?parent=10936"}],"wp:term":[{"taxonomy":"category","embeddable":true,"href":"https:\/\/lacontracara.com\/index.php\/wp-json\/wp\/v2\/categories?post=10936"},{"taxonomy":"post_tag","embeddable":true,"href":"https:\/\/lacontracara.com\/index.php\/wp-json\/wp\/v2\/tags?post=10936"}],"curies":[{"name":"wp","href":"https:\/\/api.w.org\/{rel}","templated":true}]}}