{"id":10967,"date":"2022-03-03T18:23:14","date_gmt":"2022-03-03T21:23:14","guid":{"rendered":"https:\/\/lacontracara.com\/?p=10967"},"modified":"2022-03-03T18:23:15","modified_gmt":"2022-03-03T21:23:15","slug":"el-ovcm-invita-al-ciclo-de-debate-el-cupo-como-herramienta-de-acceso-a-derecho","status":"publish","type":"post","link":"https:\/\/lacontracara.com\/index.php\/2022\/03\/03\/el-ovcm-invita-al-ciclo-de-debate-el-cupo-como-herramienta-de-acceso-a-derecho\/","title":{"rendered":"El OVcM invita al ciclo de debate \u201cEl cupo como herramienta de acceso a derecho\u201d"},"content":{"rendered":"\n<p>En la v\u00edspera del d\u00eda internacional de la mujer trabajadora se llevar\u00e1 adelante esta jornada de debate con un tema coyuntural y que atraviesa actualmente distintas esferas de la sociedad. Ana P\u00e9rez Declercq, titular del Observatorio de Violencia contra las Mujeres (OVcM), en entrevista con el programa CUARTO OSCURO (FM La Cuerda 104.5), coment\u00f3 que si bien el 8 de marzo se conmemora la lucha de un grupo de mujeres que murieron defendiendo el derecho al trabajo, \u00abhoy estamos en otra situaci\u00f3n de acceso al trabajo, aunque siguen estando en desventaja las mujeres y las disidencias; por ejemplo en los salarios o en cuanto al desempleo\u00bb.<\/p>\n\n\n\n<p>Entrando de lleno en lo que ser\u00e1 el tema del debate el pr\u00f3ximo lunes, la soci\u00f3loga se\u00f1al\u00f3 que \u00abes importante ver c\u00f3mo en el \u00e1mbito de la m\u00fasica, de la pol\u00edtica y respecto a la poblaci\u00f3n trans, hay dos leyes y un decreto que fueron necesarios para que puedan acceder a un derecho que les corresponde. Y lo que nos parec\u00eda interesante poner en debate es precisamente \u00bfpor qu\u00e9?, si tienen las mismas capacidades por qu\u00e9 tiene que necesitar un cupo. Y en el caso de la pol\u00edtica, el cupo \u00bfes un piso o es un techo? Porque hay partidos que ponen a mujeres para cumplir con el cupo y qu\u00e9 pasa cuando esas mujeres se atreven a abrir la boca y a querer participar\u2026 \u00bfse les permite o no?\u00bb.<\/p>\n","protected":false},"excerpt":{"rendered":"<p>En la v\u00edspera del d\u00eda internacional de la mujer trabajadora se llevar\u00e1 adelante esta jornada de debate con un tema coyuntural y que atraviesa actualmente distintas esferas de la sociedad&#8230;. <\/p>\n","protected":false},"author":4,"featured_media":10971,"comment_status":"open","ping_status":"open","sticky":false,"template":"","format":"standard","meta":{"footnotes":""},"categories":[1],"tags":[1909,1911,1910,1908,35],"class_list":["post-10967","post","type-post","status-publish","format-standard","has-post-thumbnail","hentry","category-sin-categoria","tag-ana-perez-declercq","tag-cuarto-oscuro","tag-observatorio-de-violencia-contra-las-mujeres","tag-ovcm","tag-salta"],"_links":{"self":[{"href":"https:\/\/lacontracara.com\/index.php\/wp-json\/wp\/v2\/posts\/10967","targetHints":{"allow":["GET"]}}],"collection":[{"href":"https:\/\/lacontracara.com\/index.php\/wp-json\/wp\/v2\/posts"}],"about":[{"href":"https:\/\/lacontracara.com\/index.php\/wp-json\/wp\/v2\/types\/post"}],"author":[{"embeddable":true,"href":"https:\/\/lacontracara.com\/index.php\/wp-json\/wp\/v2\/users\/4"}],"replies":[{"embeddable":true,"href":"https:\/\/lacontracara.com\/index.php\/wp-json\/wp\/v2\/comments?post=10967"}],"version-history":[{"count":1,"href":"https:\/\/lacontracara.com\/index.php\/wp-json\/wp\/v2\/posts\/10967\/revisions"}],"predecessor-version":[{"id":10972,"href":"https:\/\/lacontracara.com\/index.php\/wp-json\/wp\/v2\/posts\/10967\/revisions\/10972"}],"wp:featuredmedia":[{"embeddable":true,"href":"https:\/\/lacontracara.com\/index.php\/wp-json\/wp\/v2\/media\/10971"}],"wp:attachment":[{"href":"https:\/\/lacontracara.com\/index.php\/wp-json\/wp\/v2\/media?parent=10967"}],"wp:term":[{"taxonomy":"category","embeddable":true,"href":"https:\/\/lacontracara.com\/index.php\/wp-json\/wp\/v2\/categories?post=10967"},{"taxonomy":"post_tag","embeddable":true,"href":"https:\/\/lacontracara.com\/index.php\/wp-json\/wp\/v2\/tags?post=10967"}],"curies":[{"name":"wp","href":"https:\/\/api.w.org\/{rel}","templated":true}]}}