{"id":10990,"date":"2022-03-03T18:43:31","date_gmt":"2022-03-03T21:43:31","guid":{"rendered":"https:\/\/lacontracara.com\/?p=10990"},"modified":"2022-03-03T18:43:33","modified_gmt":"2022-03-03T21:43:33","slug":"bernardo-biella-no-escuche-al-gobernador-en-ningun-momento-hablar-de-la-problematica-de-las-adicciones","status":"publish","type":"post","link":"https:\/\/lacontracara.com\/index.php\/2022\/03\/03\/bernardo-biella-no-escuche-al-gobernador-en-ningun-momento-hablar-de-la-problematica-de-las-adicciones\/","title":{"rendered":"Bernardo Biella: \u201cNo escuch\u00e9 al Gobernador en ning\u00fan momento hablar de la problem\u00e1tica de las adicciones\u201d"},"content":{"rendered":"\n<p>Comenzaron ayer las sesiones legislativas nacionales, provinciales y municipales, y los discursos y anuncios de los distintos gobernantes dejaron mucha tela para cortar. Otro de los cr\u00edticos fue el diputado\u00a0<strong>Bernardo Biella<\/strong>, quien en di\u00e1logo con\u00a0<strong>Voces Cr\u00edticas\u00a0<\/strong>puso en duda la puesta en funcionamiento de un nuevo Hospital en la zona norte.<\/p>\n\n\n\n<p>El<strong>\u00a0diputado<\/strong>\u00a0manifest\u00f3: \u201cTodos los centros de salud u hospitales son necesarios, crear un Hospital no es una mala idea pero hay que recordar que necesitamos mantener equipados, con insumos, con tecnolog\u00eda de punta pero sobre todo con capital humano a los que est\u00e1 funcionando actualmente, y el capital humano en la provincia no abunda, as\u00ed que pensar en un Hospital en la zona norte a futuro no es una mala idea pero se deber\u00eda programar no solamente en la parte edilicia sino todos los aspectos, con qu\u00e9 llenamos ese Hospital y sin quitarle al resto de los centros de salud todo su capital humano y dem\u00e1s\u201d.<\/p>\n\n\n\n<p>Por otro lado, Bernardo Biella reclam\u00f3 la falta de pol\u00edticas p\u00fablicas en materia de adicciones: \u201cSe habl\u00f3 de seguridad, pero en ning\u00fan momento se habl\u00f3 de adicciones, y todos sabemos que las adicciones van de la mano con la seguridad, la seguridad es mucho m\u00e1s que pedir un m\u00f3vil a un n\u00famero telef\u00f3nico. El 0800 para Seguridad es una ayuda, pero necesitamos trabajar sobre algo que sea mucho m\u00e1s inclusivo, ya que hoy en d\u00eda la Ley de Adicciones dice que para que una persona con problemas de adicciones pueda ser internada para desintoxicarse, quince d\u00edas aproximadamente, con el consentimiento del paciente\u201d.<\/p>\n\n\n\n<p>Finalmente, <strong>Bernardo Biella<\/strong>\u00a0reclam\u00f3 que el Gobierno no tiene agentes sanitarios biling\u00fces para combatir realmente la desnutrici\u00f3n en las comunidades originarias: \u201cOtro de los temas que tambi\u00e9n me parece importante cuando hablamos de desnutrici\u00f3n, est\u00e1 muy bien que llevemos a los nutricionistas al norte con un Instituto de Nutrici\u00f3n, pero es importante saber que las comunidades originarias tienen un term\u00f3metro de lo que es la desnutrici\u00f3n, que lo da el agente sanitario biling\u00fce, que hoy en d\u00eda por los planes y otras razones no est\u00e1 cumpliendo el 100 por ciento de sus tareas, estos agentes son los que pesan a los chicos, los miden y hacen las detecciones tempranas del principio de desnutrici\u00f3n, pero al no tener en cantidad y bien pagos por kil\u00f3metros recorridos nos enteramos del desnutrido cuando el desnutrido se enferma por otra cosa y muchas veces le cuesta la vida. Entonces, est\u00e1 bien un Instituto de Desnutrici\u00f3n pero necesitamos fortalecer nuestro term\u00f3metro, que son los agentes sanitarios biling\u00fces, y eso es fundamental en capacitaci\u00f3n y en salarios. Los ni\u00f1os no nacen desnutridos, la desnutrici\u00f3n es progresiva desde el momento en que un ni\u00f1o comienza a alimentarse\u201d, concluy\u00f3.<\/p>\n","protected":false},"excerpt":{"rendered":"<p>Comenzaron ayer las sesiones legislativas nacionales, provinciales y municipales, y los discursos y anuncios de los distintos gobernantes dejaron mucha tela para cortar. Otro de los cr\u00edticos fue el diputado\u00a0Bernardo&#8230; <\/p>\n","protected":false},"author":4,"featured_media":10996,"comment_status":"open","ping_status":"open","sticky":false,"template":"","format":"standard","meta":{"footnotes":""},"categories":[18,42],"tags":[1127,35,1915],"class_list":["post-10990","post","type-post","status-publish","format-standard","has-post-thumbnail","hentry","category-politica","category-salta","tag-bernardo-biella","tag-salta","tag-sesiones-legislativas-nacionales"],"_links":{"self":[{"href":"https:\/\/lacontracara.com\/index.php\/wp-json\/wp\/v2\/posts\/10990","targetHints":{"allow":["GET"]}}],"collection":[{"href":"https:\/\/lacontracara.com\/index.php\/wp-json\/wp\/v2\/posts"}],"about":[{"href":"https:\/\/lacontracara.com\/index.php\/wp-json\/wp\/v2\/types\/post"}],"author":[{"embeddable":true,"href":"https:\/\/lacontracara.com\/index.php\/wp-json\/wp\/v2\/users\/4"}],"replies":[{"embeddable":true,"href":"https:\/\/lacontracara.com\/index.php\/wp-json\/wp\/v2\/comments?post=10990"}],"version-history":[{"count":1,"href":"https:\/\/lacontracara.com\/index.php\/wp-json\/wp\/v2\/posts\/10990\/revisions"}],"predecessor-version":[{"id":10997,"href":"https:\/\/lacontracara.com\/index.php\/wp-json\/wp\/v2\/posts\/10990\/revisions\/10997"}],"wp:featuredmedia":[{"embeddable":true,"href":"https:\/\/lacontracara.com\/index.php\/wp-json\/wp\/v2\/media\/10996"}],"wp:attachment":[{"href":"https:\/\/lacontracara.com\/index.php\/wp-json\/wp\/v2\/media?parent=10990"}],"wp:term":[{"taxonomy":"category","embeddable":true,"href":"https:\/\/lacontracara.com\/index.php\/wp-json\/wp\/v2\/categories?post=10990"},{"taxonomy":"post_tag","embeddable":true,"href":"https:\/\/lacontracara.com\/index.php\/wp-json\/wp\/v2\/tags?post=10990"}],"curies":[{"name":"wp","href":"https:\/\/api.w.org\/{rel}","templated":true}]}}