{"id":11010,"date":"2022-03-03T18:52:08","date_gmt":"2022-03-03T21:52:08","guid":{"rendered":"https:\/\/lacontracara.com\/?p=11010"},"modified":"2022-03-03T18:52:10","modified_gmt":"2022-03-03T21:52:10","slug":"batalla-contra-reloj-en-el-congreso-gobierno-y-oposicion-intentar-limar-asperezas-para-aprobar-el-acuerdo-con-el-fmi","status":"publish","type":"post","link":"https:\/\/lacontracara.com\/index.php\/2022\/03\/03\/batalla-contra-reloj-en-el-congreso-gobierno-y-oposicion-intentar-limar-asperezas-para-aprobar-el-acuerdo-con-el-fmi\/","title":{"rendered":"Batalla contra reloj en el Congreso: Gobierno y Oposici\u00f3n intentar limar asperezas para aprobar el acuerdo con el FMI"},"content":{"rendered":"\n<p>Jueves 10 de marzo. Esa es la fecha l\u00edmite para la aprobaci\u00f3n en la C\u00e1mara Baja del texto final de entendimiento con el FMI.\u00a0\u00abSi no se apuran en Diputados la semana que viene, el Senado no llega para el 22 de marzo\u00bb, aventur\u00f3 una fuente consultada en el Parlamento, en referencia al\u00a0vencimiento<strong>\u00a0<\/strong>que tiene la Argentina con el FMI esa fecha, por u$s 2.800 millones.\u00a0<\/p>\n\n\n\n<p>El tr\u00e1nsito del acuerdo no ser\u00e1 sencillo. Este mediod\u00eda, el\u00a0Gobierno\u00a0demor\u00f3 su env\u00edo completo aduciendo diferencias en la redacci\u00f3n final con los representantes del Fondo. S\u00f3lo se aprob\u00f3 total y oficialmente una hora despu\u00e9s.<\/p>\n\n\n\n<figure class=\"wp-block-embed aligncenter is-type-rich is-provider-twitter wp-block-embed-twitter\"><div class=\"wp-block-embed__wrapper\">\n<blockquote class=\"twitter-tweet\" data-width=\"500\" data-dnt=\"true\"><p lang=\"es\" dir=\"ltr\">\u2b55 El FMI comunic\u00f3 que cerr\u00f3 un acuerdo con Argentina para &quot;promover el crecimiento&quot; y &quot;bajar la inflaci\u00f3n&quot; <a href=\"https:\/\/t.co\/I7RA6GHCaC\">https:\/\/t.co\/I7RA6GHCaC<\/a><\/p>&mdash; El Destape (@eldestapeweb) <a href=\"https:\/\/twitter.com\/eldestapeweb\/status\/1499452869317169155?ref_src=twsrc%5Etfw\">March 3, 2022<\/a><\/blockquote><script async src=\"https:\/\/platform.twitter.com\/widgets.js\" charset=\"utf-8\"><\/script>\n<\/div><\/figure>\n\n\n\n<p>Mientras tanto, Massa estaba reunido con los jefes de bloque partidarios: Germ\u00e1n Mart\u00ednez (FdT), Cristian Ritondo (Pro), y Mario Negri (UCR). Tambi\u00e9n Rodrigo de Loredo (Evoluci\u00f3n Radical), Juan Manuel L\u00f3pez (CC-ARI) y Luis Di Giacomo (Juntos Somos R\u00edo Negro). Adem\u00e1s particip\u00f3 el oficialista Carlos Heller. Al cabo de las conversaciones, definieron\u00a0el cronograma para tratar el proyecto.\u00a0<\/p>\n\n\n\n<p>El tr\u00e1mite en el\u00a0Congreso\u00a0se activar\u00e1 el pr\u00f3ximo lunes pasando primero por\u00a0la Comisi\u00f3n de Presupuesto y Hacienda. All\u00ed expondr\u00e1n el Ministro de Econom\u00eda, Mart\u00edn Guzm\u00e1n, y el titular del BCRA, Miguel \u00c1ngel Pesce. Tambi\u00e9n hablar\u00e1 el negociador argentino ante el Fondo, Sergio Chodos.<\/p>\n\n\n\n<p>El martes participar\u00e1n del debate la CGT, CTA, los movimientos sociales y las c\u00e1maras empresarias. Ser\u00e1 entonces el mi\u00e9rcoles 9, cuando en el plenario de la comisi\u00f3n, el oficialismo buscar\u00e1 apoyo para que el memorando sea tratado -y aprobado- el jueves.<\/p>\n\n\n\n<p>Las dos fuerzas pol\u00edticas m\u00e1s grandes deber\u00e1n ponerse de acuerdo. Incluso soportando las disidencias internas que cada una afronta. En declaraciones radiales, Mart\u00ednez resalt\u00f3: \u00abSi nosotros no reconocemos que las dos grandes coaliciones van a tener, tuvieron y tendr\u00e1n necesidad de estabilizar las diferencias para poder avanzar en escenarios de unidad, estamos errando\u00bb.<\/p>\n\n\n\n<p>Seg\u00fan fuentes de JxC la discusi\u00f3n interna&nbsp;-en el partido- por estas horas pasa por esa disyuntiva: voto&nbsp;afirmativo o abstenci\u00f3n. Hasta el momento, casi nadie habla de rechazar el acuerdo aunque advierten sobre sus posibles efectos futuros.<\/p>\n\n\n\n<figure class=\"wp-block-gallery has-nested-images columns-default is-cropped wp-block-gallery-1 is-layout-flex wp-block-gallery-is-layout-flex\">\n<figure class=\"wp-block-image size-large\"><img loading=\"lazy\" decoding=\"async\" width=\"1024\" height=\"666\" data-id=\"11014\" src=\"https:\/\/lacontracara.com\/wp-content\/uploads\/2022\/03\/Imagen22-1024x666.jpg\" alt=\"\" class=\"wp-image-11014\" srcset=\"https:\/\/lacontracara.com\/wp-content\/uploads\/2022\/03\/Imagen22-1024x666.jpg 1024w, https:\/\/lacontracara.com\/wp-content\/uploads\/2022\/03\/Imagen22-300x195.jpg 300w, https:\/\/lacontracara.com\/wp-content\/uploads\/2022\/03\/Imagen22-768x500.jpg 768w, https:\/\/lacontracara.com\/wp-content\/uploads\/2022\/03\/Imagen22-696x453.jpg 696w, https:\/\/lacontracara.com\/wp-content\/uploads\/2022\/03\/Imagen22-1068x695.jpg 1068w, https:\/\/lacontracara.com\/wp-content\/uploads\/2022\/03\/Imagen22-646x420.jpg 646w, https:\/\/lacontracara.com\/wp-content\/uploads\/2022\/03\/Imagen22.jpg 1202w\" sizes=\"auto, (max-width: 1024px) 100vw, 1024px\" \/><\/figure>\n\n\n\n<figure class=\"wp-block-image size-large\"><img loading=\"lazy\" decoding=\"async\" width=\"682\" height=\"342\" data-id=\"11015\" src=\"https:\/\/lacontracara.com\/wp-content\/uploads\/2022\/03\/Imagen23.jpg\" alt=\"\" class=\"wp-image-11015\" srcset=\"https:\/\/lacontracara.com\/wp-content\/uploads\/2022\/03\/Imagen23.jpg 682w, https:\/\/lacontracara.com\/wp-content\/uploads\/2022\/03\/Imagen23-300x150.jpg 300w\" sizes=\"auto, (max-width: 682px) 100vw, 682px\" \/><\/figure>\n<\/figure>\n","protected":false},"excerpt":{"rendered":"<p>Jueves 10 de marzo. Esa es la fecha l\u00edmite para la aprobaci\u00f3n en la C\u00e1mara Baja del texto final de entendimiento con el FMI.\u00a0\u00abSi no se apuran en Diputados la&#8230; <\/p>\n","protected":false},"author":4,"featured_media":11016,"comment_status":"open","ping_status":"open","sticky":false,"template":"","format":"standard","meta":{"footnotes":""},"categories":[18,42],"tags":[1019,602,84,35],"class_list":["post-11010","post","type-post","status-publish","format-standard","has-post-thumbnail","hentry","category-politica","category-salta","tag-acuerdo-con-el-fmi","tag-congreso","tag-fmi","tag-salta"],"_links":{"self":[{"href":"https:\/\/lacontracara.com\/index.php\/wp-json\/wp\/v2\/posts\/11010","targetHints":{"allow":["GET"]}}],"collection":[{"href":"https:\/\/lacontracara.com\/index.php\/wp-json\/wp\/v2\/posts"}],"about":[{"href":"https:\/\/lacontracara.com\/index.php\/wp-json\/wp\/v2\/types\/post"}],"author":[{"embeddable":true,"href":"https:\/\/lacontracara.com\/index.php\/wp-json\/wp\/v2\/users\/4"}],"replies":[{"embeddable":true,"href":"https:\/\/lacontracara.com\/index.php\/wp-json\/wp\/v2\/comments?post=11010"}],"version-history":[{"count":1,"href":"https:\/\/lacontracara.com\/index.php\/wp-json\/wp\/v2\/posts\/11010\/revisions"}],"predecessor-version":[{"id":11017,"href":"https:\/\/lacontracara.com\/index.php\/wp-json\/wp\/v2\/posts\/11010\/revisions\/11017"}],"wp:featuredmedia":[{"embeddable":true,"href":"https:\/\/lacontracara.com\/index.php\/wp-json\/wp\/v2\/media\/11016"}],"wp:attachment":[{"href":"https:\/\/lacontracara.com\/index.php\/wp-json\/wp\/v2\/media?parent=11010"}],"wp:term":[{"taxonomy":"category","embeddable":true,"href":"https:\/\/lacontracara.com\/index.php\/wp-json\/wp\/v2\/categories?post=11010"},{"taxonomy":"post_tag","embeddable":true,"href":"https:\/\/lacontracara.com\/index.php\/wp-json\/wp\/v2\/tags?post=11010"}],"curies":[{"name":"wp","href":"https:\/\/api.w.org\/{rel}","templated":true}]}}