{"id":11295,"date":"2022-03-07T10:23:52","date_gmt":"2022-03-07T13:23:52","guid":{"rendered":"https:\/\/lacontracara.com\/?p=11295"},"modified":"2022-03-07T10:23:53","modified_gmt":"2022-03-07T13:23:53","slug":"tras-la-radicalizacion-de-la-campora-contra-el-acuerdo-el-gobierno-busca-delinear-una-estrategia-que-asegure-su-aprobacion","status":"publish","type":"post","link":"https:\/\/lacontracara.com\/index.php\/2022\/03\/07\/tras-la-radicalizacion-de-la-campora-contra-el-acuerdo-el-gobierno-busca-delinear-una-estrategia-que-asegure-su-aprobacion\/","title":{"rendered":"Tras la radicalizaci\u00f3n de La C\u00e1mpora contra el acuerdo, el gobierno busca delinear una estrategia que asegure su aprobaci\u00f3n"},"content":{"rendered":"\n<h4 class=\"wp-block-heading\" id=\"el-gobierno-intenta-buscar-una-estrategia-comun-en-la-antesala-de-una-hilera-de-jornadas-claves-para-que-el-acuerdo-con-el-fmi-sea-respaldado-en-el-congreso-entre-lunes-y-miercoles-pasara-por-las-comisiones-de-hacienda-y-presupuesto-y-el-jueves-llegara-al-recinto-en-un-debate-que-puede-transformarse-en-un-punto-de-inflexion-en-la-vida-interna-de-coalicion-oficialista\">El Gobierno intenta buscar una estrategia com\u00fan en la antesala de una hilera de jornadas claves para que el acuerdo con el FMI sea respaldado en el Congreso. Entre lunes y mi\u00e9rcoles pasar\u00e1 por las comisiones de Hacienda y Presupuesto, y el jueves llegar\u00e1 al recinto, en un debate que puede transformarse en un punto de inflexi\u00f3n en la vida interna de coalici\u00f3n oficialista.<\/h4>\n\n\n\n<p>Ayer al caer la noche los diputados que forman parte de las comisiones por donde pasar\u00e1 el acuerdo, se reunieron en el tercer piso de la C\u00e1mara baja para empezar a&nbsp;<strong>delinear una estrategia&nbsp;<\/strong>y escuchar el rumbo pol\u00edtico del oficialismo y los detalles t\u00e9cnicos de la negociaci\u00f3n de la boca del presidente de la C\u00e1mara de Diputados,<strong>&nbsp;Sergio Massa,<\/strong>&nbsp;y el ministro de Econom\u00eda,&nbsp;<strong>Mart\u00edn Guzm\u00e1n.<\/strong><\/p>\n\n\n\n<p>\u201cQuiero que cada diputado y diputada tenga toda la informaci\u00f3n para que no haya dudas\u201d, sostuvo Massa en el comienzo de la reuni\u00f3n, que dur\u00f3 tres horas y media, y que tambi\u00e9n tuvo en la primera l\u00ednea de expositores al titular de la comisi\u00f3n de Presupuesto y Hacienda,\u00a0<strong>Carlos Heller<\/strong>, y al presidente del bloque de diputados del Frente de Todos,\u00a0<strong>Germ\u00e1n Mart\u00ednez.<\/strong><\/p>\n\n\n\n<p>Durante la mayor parte de ese tiempo Guzm\u00e1n respondi\u00f3 preguntas de todos los sectores de la coalici\u00f3n. \u00bfQu\u00e9 puede pasar si no se cumple el acuerdo? \u00bfCu\u00e1les son los riesgos de no acordar? \u00bfSe puede cumplir lo que se arregl\u00f3? \u00bfQu\u00e9 va a pasar con la coparticipaci\u00f3n de las provincias? \u00bfY con la inversi\u00f3n en obras p\u00fablicas? \u00bfCu\u00e1nto se van a aumentar las tarifas y hasta d\u00f3nde se reducen los subsidios?<\/p>\n\n\n\n<p>Las preguntas se multiplicaron en la boca de los legisladores. Todas recibieron una respuesta del titular del ministerio de Hacienda. En su tono monocorde habitual, calmo y con pausas<strong>, Guzm\u00e1n trat\u00f3 de ser lo m\u00e1s preciso posible en las devoluciones para evacuar todas las dudas que ca\u00edan sobre su cabeza.<\/strong><\/p>\n\n\n\n<p><strong>La intenci\u00f3n fue eliminar todas los interrogantes de los legisladores y, en ese accionar, sumar apoyos para el momento de la votaci\u00f3n<\/strong>. M\u00e1s claridad, m\u00e1s precisi\u00f3n y menos incertidumbre. En definitiva, es la \u00fanica forma de convencer a los incr\u00e9dulos o aquellos que no tienen una espada ideol\u00f3gica apoyada sobre sus cabezas.<\/p>\n\n\n\n<p>Quienes estuvieron presentes aseguraron a\u00a0<strong>Infobae<\/strong>\u00a0que\u00a0<strong>\u201cno fue una reuni\u00f3n deliberativa\u201d<\/strong>, ni<strong>\u00a0\u201chubo una toma de posiciones\u201d<\/strong>, sino un\u00a0<strong>\u201cida y vuelta de preguntas y respuestas\u201d<\/strong>. No fue para sentar posturas firmes sobre el acuerdo con el Fondo y que la reuni\u00f3n termine en un pase de facturas. Sirvi\u00f3 para eliminar dudas ancladas en la falta de informaci\u00f3n precisa.<\/p>\n\n\n\n<p>Guzm\u00e1n, como ya hizo en algunas entrevistas period\u00edsticas, defendi\u00f3 el acuerdo y sostuvo que no habr\u00e1 ajuste, ni reforma previsional y que, en cambio, en la proyecci\u00f3n que hizo el gobierno argentino, el resultado obtenido en la negociaci\u00f3n permitir\u00e1 forjar un crecimiento de la econom\u00eda, del salario, del empleo y de la inversi\u00f3n.<\/p>\n\n\n\n<p>Durante su participaci\u00f3n Massa se refiri\u00f3 a la importancia de mantener el respeto de todas las opiniones, teniendo en cuenta las diferentes posturas que habitan en el bloque y que&nbsp;<strong>podr\u00edan llevar al oficialismo a votar dividido en el recinto<\/strong>. Orden y paz en la previa del tratamiento, fue el pedido, en el comienzo de una semana que ser\u00e1 inevitablemente tensa.<\/p>\n\n\n\n<p>Tanto Massa como Guzm\u00e1n marcaron ante los presentes que quer\u00edan que la reuni\u00f3n sirva para despejar dudas y dar certezas sobre c\u00f3mo fue la negociaci\u00f3n.&nbsp;<strong>Fue una forma de abrir el juego, bajar la tensi\u00f3n que sobrevolaba en el ambiente peronista antes del encuentro e intentar alinear voluntades en base a explicaciones detalladas.<\/strong><\/p>\n\n\n\n<p>Las \u00faltimas se\u00f1ales de La C\u00e1mpora fueron confusas. En el final de la semana pasada la agrupaci\u00f3n public\u00f3 dos videos que conten\u00edan duras cr\u00edticas al Fondo Monetario Internacional (FMI). Fue una jugada suspicaz teniendo en cuenta la cercan\u00eda con el tratamiento del acuerdo en el recinto.<\/p>\n\n\n\n<p>Sin embargo, el s\u00e1bado el ministro del Interior,&nbsp;<strong>Eduardo \u201cWado\u201d de Pedro<\/strong>, parte de la mesa de conducci\u00f3n de la agrupaci\u00f3n ultra kirchnerista, dijo que \u201cel acuerdo con el FMI es el comienzo de la soluci\u00f3n\u201d y que \u201cevita una cat\u00e1strofe en lo inmediato\u201d. Fue una clara se\u00f1al de respaldo. Entonces, empez\u00f3 a reinar la confusi\u00f3n en el escenario pol\u00edtico.<\/p>\n\n\n\n<p>Este domingo estuvieron presentes legisladores camporistas como<strong>\u00a0Paula Penacca, Marcos Cleri y Vanesa Siley<\/strong>. En sus intervenciones plantearon la importancia de\u00a0<strong>mantener la unidad de la coalici\u00f3n<\/strong>\u00a0y le hicieron un pu\u00f1ado de consultas a Guzm\u00e1n. Entre ellas cu\u00e1les fueron los puntos m\u00e1s conflictivos en la negociaci\u00f3n con el Fondo y c\u00f3mo ser\u00e1n las revisiones trimestrales del acuerdo.<\/p>\n\n\n\n<p><strong>M\u00e1ximo Kirchner no estuvo presente.&nbsp;<\/strong>Despu\u00e9s de su salida de la presidencia del bloque, la agrupaci\u00f3n no ha tomado una postura p\u00fablica en la voz de sus legisladores. Por eso en el Gobierno a\u00fan existen muchas dudas sobre qu\u00e9 posici\u00f3n adoptaran los cerca de 15 diputados que son camporistas, m\u00e1s otros que responden a la organizaci\u00f3n&nbsp;<strong>Patria Grande<\/strong>, que conduce<strong>&nbsp;Juan Gabrois.<\/strong><\/p>\n\n\n\n<p>Por el momento, en el poroteo interno, todos los legisladores cuentan a los camporistas como posibles abstenciones. Pero, a cuatro d\u00edas de que se trate en el recinto, a\u00fan no hay certezas. En medio de esas indefiniciones, podr\u00edan surgir cambios en la comisi\u00f3n de Hacienda y Presupuesto.&nbsp;<strong>El santafesino Cleri, de La C\u00e1mpora, e Ita\u00ed Hagman, de Patria Grande, ser\u00edan sustituidos por dos legisladores albertistas.<\/strong><\/p>\n\n\n\n<p>Una de las m\u00e1s incisivas en las preguntas al ministro de Econom\u00eda fue la diputada\u00a0<strong>Agustina Propatto,<\/strong>\u00a0pareja del ministro de Seguridad bonaerense,\u00a0<strong>Sergio Berni,\u00a0<\/strong>quien protagoniza un enfrentamiento expl\u00edcito con el presidente Alberto Fern\u00e1ndez.La legisladora bonaerense se quej\u00f3 por la falta de informaci\u00f3n sobre el acuerdo durante el proceso de negociaci\u00f3n. Salvo algunas excepciones, el clima fue cordial. No se respir\u00f3 un aire espeso.<\/p>\n\n\n\n<p>El posicionamiento inconcluso de La C\u00e1mpora no solo le impide a la Casa Rosada saber el apoyo real en el Congreso, sino que alimenta la estrategia de la oposici\u00f3n m\u00e1s dura que reclama que todo el oficialismo defienda el acuerdo, si es que quieren el respaldo de Juntos por el Cambio. Los d\u00edas que vienen ser\u00e1n vertiginosos y se espera que las definiciones vayan apareciendo detr\u00e1s de los debates en las comisiones.<\/p>\n\n\n\n<p>Este lunes Guzm\u00e1n volver\u00e1 hablar ante los diputados, pero esta vez de todos los bloques. Estar\u00e1 acompa\u00f1ado por el Jefe de Gabinete,&nbsp;<strong>Juan Manzur<\/strong>; el titular del Banco Central,<strong>&nbsp;Miguel Pesce&nbsp;<\/strong>y el representante argentino ante el FMI,&nbsp;<strong>Sergio Chodos<\/strong>.<\/p>\n\n\n\n<p>El martes asistir\u00e1n al Congreso representantes de los sindicatos, los movimientos sociales y el sector empresarial. Tambi\u00e9n estar\u00e1n invitados algunos gobernadores. El mi\u00e9rcoles se dar\u00e1 el debate interno en las comisiones de Presupuesto y Hacienda, y de Finanzas. El jueves, finalmente, el acuerdo con el FMI llegar\u00e1 el recinto.&nbsp;<strong>Empieza el tiempo de las definiciones.<\/strong><\/p>\n","protected":false},"excerpt":{"rendered":"<p>El Gobierno intenta buscar una estrategia com\u00fan en la antesala de una hilera de jornadas claves para que el acuerdo con el FMI sea respaldado en el Congreso. Entre lunes&#8230; <\/p>\n","protected":false},"author":4,"featured_media":11298,"comment_status":"open","ping_status":"open","sticky":false,"template":"","format":"standard","meta":{"footnotes":""},"categories":[18,42],"tags":[1019,249,1399,35],"class_list":["post-11295","post","type-post","status-publish","format-standard","has-post-thumbnail","hentry","category-politica","category-salta","tag-acuerdo-con-el-fmi","tag-argentina","tag-la-campora","tag-salta"],"_links":{"self":[{"href":"https:\/\/lacontracara.com\/index.php\/wp-json\/wp\/v2\/posts\/11295","targetHints":{"allow":["GET"]}}],"collection":[{"href":"https:\/\/lacontracara.com\/index.php\/wp-json\/wp\/v2\/posts"}],"about":[{"href":"https:\/\/lacontracara.com\/index.php\/wp-json\/wp\/v2\/types\/post"}],"author":[{"embeddable":true,"href":"https:\/\/lacontracara.com\/index.php\/wp-json\/wp\/v2\/users\/4"}],"replies":[{"embeddable":true,"href":"https:\/\/lacontracara.com\/index.php\/wp-json\/wp\/v2\/comments?post=11295"}],"version-history":[{"count":1,"href":"https:\/\/lacontracara.com\/index.php\/wp-json\/wp\/v2\/posts\/11295\/revisions"}],"predecessor-version":[{"id":11299,"href":"https:\/\/lacontracara.com\/index.php\/wp-json\/wp\/v2\/posts\/11295\/revisions\/11299"}],"wp:featuredmedia":[{"embeddable":true,"href":"https:\/\/lacontracara.com\/index.php\/wp-json\/wp\/v2\/media\/11298"}],"wp:attachment":[{"href":"https:\/\/lacontracara.com\/index.php\/wp-json\/wp\/v2\/media?parent=11295"}],"wp:term":[{"taxonomy":"category","embeddable":true,"href":"https:\/\/lacontracara.com\/index.php\/wp-json\/wp\/v2\/categories?post=11295"},{"taxonomy":"post_tag","embeddable":true,"href":"https:\/\/lacontracara.com\/index.php\/wp-json\/wp\/v2\/tags?post=11295"}],"curies":[{"name":"wp","href":"https:\/\/api.w.org\/{rel}","templated":true}]}}