{"id":11591,"date":"2022-03-12T14:13:49","date_gmt":"2022-03-12T17:13:49","guid":{"rendered":"https:\/\/lacontracara.com\/?p=11591"},"modified":"2022-03-12T14:13:51","modified_gmt":"2022-03-12T17:13:51","slug":"la-suplica-del-papa-francisco-a-rusia-en-nombre-de-dios-detenganse","status":"publish","type":"post","link":"https:\/\/lacontracara.com\/index.php\/2022\/03\/12\/la-suplica-del-papa-francisco-a-rusia-en-nombre-de-dios-detenganse\/","title":{"rendered":"La s\u00faplica del papa Francisco a Rusia: \u00abEn nombre de Dios, det\u00e9nganse!\u00bb"},"content":{"rendered":"\n<p><strong>\u201cNunca la guerra! Piensen sobre todo en los ni\u00f1os, que est\u00e1n privados de la esperanza de una vida digna: ni\u00f1os muertos, heridos, hu\u00e9rfanos; ni\u00f1os que tienen restos de guerra como juguetes&#8230;\u00bb,<\/strong>\u00a0escribi\u00f3 hoy el\u00a0papa Francisco\u00a0en Twitter a modo de s\u00faplica, en referencia a la escalada del conflicto Rusia-Ucrania.\u00a0<strong>\u00abEn nombre de Dios, det\u00e9nganse!\u00bb<\/strong>, clam\u00f3 el Sumo Pont\u00edfice en su mensaje.<\/p>\n\n\n\n<p>El texto se difundi\u00f3 no solo en los nueve idiomas oficiales de la cuenta del Papa, sino tambi\u00e9n en ruso y ucraniano.<\/p>\n\n\n\n<figure class=\"wp-block-embed aligncenter is-type-rich is-provider-twitter wp-block-embed-twitter\"><div class=\"wp-block-embed__wrapper\">\n<blockquote class=\"twitter-tweet\" data-width=\"500\" data-dnt=\"true\"><p lang=\"qme\" dir=\"ltr\"><a href=\"https:\/\/twitter.com\/hashtag\/OremosJuntos?src=hash&amp;ref_src=twsrc%5Etfw\">#OremosJuntos<\/a> <a href=\"https:\/\/twitter.com\/hashtag\/Ucrania?src=hash&amp;ref_src=twsrc%5Etfw\">#Ucrania<\/a> <a href=\"https:\/\/twitter.com\/hashtag\/Paz?src=hash&amp;ref_src=twsrc%5Etfw\">#Paz<\/a> <a href=\"https:\/\/t.co\/VpJdY6O8LJ\">pic.twitter.com\/VpJdY6O8LJ<\/a><\/p>&mdash; Papa Francisco \u2013 ARCHIVO (@Pontifex266_es) <a href=\"https:\/\/twitter.com\/Pontifex266_es\/status\/1502622938113187842?ref_src=twsrc%5Etfw\">March 12, 2022<\/a><\/blockquote><script async src=\"https:\/\/platform.twitter.com\/widgets.js\" charset=\"utf-8\"><\/script>\n<\/div><\/figure>\n\n\n\n<p>A pesar de la s\u00faplica del Papa, el ej\u00e9rcito ruso contin\u00faa atacando este s\u00e1bado en \u00e1reas donde Ucrania est\u00e1 tratando de evacuar a civiles y llevarles ayuda a trav\u00e9s de corredores internacionales, seg\u00fan denunciaron los gobernadores de las dos regiones de Kiev y Donetsk.<\/p>\n\n\n\n<p>El gobernador de Donetsk, Pavlo Kyrylenko, dijo a los medios locales que \u00abel cargamento humanitario se est\u00e1 moviendo hacia Mariupol. \u00abLe iremos informando sobre c\u00f3mo avanza&#8230; la situaci\u00f3n es complicada, hay bombardeos constantes\u00bb, afirm\u00f3 el funcionarios.<\/p>\n","protected":false},"excerpt":{"rendered":"<p>\u201cNunca la guerra! Piensen sobre todo en los ni\u00f1os, que est\u00e1n privados de la esperanza de una vida digna: ni\u00f1os muertos, heridos, hu\u00e9rfanos; ni\u00f1os que tienen restos de guerra como&#8230; <\/p>\n","protected":false},"author":4,"featured_media":11595,"comment_status":"open","ping_status":"open","sticky":false,"template":"","format":"standard","meta":{"footnotes":""},"categories":[26],"tags":[1825,1376,987,989],"class_list":["post-11591","post","type-post","status-publish","format-standard","has-post-thumbnail","hentry","category-internacionales","tag-conflicto","tag-papa-francisco","tag-rusia","tag-ucrania"],"_links":{"self":[{"href":"https:\/\/lacontracara.com\/index.php\/wp-json\/wp\/v2\/posts\/11591","targetHints":{"allow":["GET"]}}],"collection":[{"href":"https:\/\/lacontracara.com\/index.php\/wp-json\/wp\/v2\/posts"}],"about":[{"href":"https:\/\/lacontracara.com\/index.php\/wp-json\/wp\/v2\/types\/post"}],"author":[{"embeddable":true,"href":"https:\/\/lacontracara.com\/index.php\/wp-json\/wp\/v2\/users\/4"}],"replies":[{"embeddable":true,"href":"https:\/\/lacontracara.com\/index.php\/wp-json\/wp\/v2\/comments?post=11591"}],"version-history":[{"count":1,"href":"https:\/\/lacontracara.com\/index.php\/wp-json\/wp\/v2\/posts\/11591\/revisions"}],"predecessor-version":[{"id":11596,"href":"https:\/\/lacontracara.com\/index.php\/wp-json\/wp\/v2\/posts\/11591\/revisions\/11596"}],"wp:featuredmedia":[{"embeddable":true,"href":"https:\/\/lacontracara.com\/index.php\/wp-json\/wp\/v2\/media\/11595"}],"wp:attachment":[{"href":"https:\/\/lacontracara.com\/index.php\/wp-json\/wp\/v2\/media?parent=11591"}],"wp:term":[{"taxonomy":"category","embeddable":true,"href":"https:\/\/lacontracara.com\/index.php\/wp-json\/wp\/v2\/categories?post=11591"},{"taxonomy":"post_tag","embeddable":true,"href":"https:\/\/lacontracara.com\/index.php\/wp-json\/wp\/v2\/tags?post=11591"}],"curies":[{"name":"wp","href":"https:\/\/api.w.org\/{rel}","templated":true}]}}