{"id":1240,"date":"2021-05-05T02:31:09","date_gmt":"2021-05-05T05:31:09","guid":{"rendered":"https:\/\/lacontracara.com\/?p=1240"},"modified":"2021-05-05T02:31:11","modified_gmt":"2021-05-05T05:31:11","slug":"fuerte-critica-opositora-tras-el-escandalo-en-la-anses-piden-a-la-justicia-ir-a-fondo","status":"publish","type":"post","link":"https:\/\/lacontracara.com\/index.php\/2021\/05\/05\/fuerte-critica-opositora-tras-el-escandalo-en-la-anses-piden-a-la-justicia-ir-a-fondo\/","title":{"rendered":"Fuerte cr\u00edtica opositora tras el esc\u00e1ndalo en la Anses: piden a la Justicia ir a fondo"},"content":{"rendered":"\n<p>Un revuelo pol\u00edtico se gener\u00f3 luego de que el lunes se conociera un duro informe de la intervenci\u00f3n de la oficina salte\u00f1a de la Administraci\u00f3n Nacional de la Seguridad Social (Anses), que sac\u00f3 de sus puestos a Susana Aramayo y Marcos Vera, luego de una paup\u00e9rrima gesti\u00f3n.<\/p>\n\n\n\n<p>A un mes del desembarco de las autoridades nacionales en las oficinas de Salta, se devel\u00f3 el modus operandi de una red que trabajaba para facilitar turnos cobrados de manera irregular para distintos tr\u00e1mites y derivar a algunos estudios jur\u00eddicos a quienes ten\u00edan que realizar gestiones previsionales.<\/p>\n\n\n\n<p>La auditor\u00eda que realiz\u00f3 la comisi\u00f3n interventora deriv\u00f3 en una denuncia penal presentada ante la Justicia Federal por la presunta comisi\u00f3n de los delitos de \u00ababuso de autoridad. Esto hizo que diferentes dirigentes pol\u00edticos pidieran que se investigue a fondo, m\u00e1s en una oficina destinada a atender a los m\u00e1s desprotegidos.<\/p>\n\n\n\n<p>En comunicaci\u00f3n con&nbsp;<strong>El Tribuno<\/strong>, el diputado provincial Javier Diez Villa expres\u00f3 que la atenci\u00f3n de la Anses el a\u00f1o pasado fue \u00abmuy cr\u00edtica\u00bb.<\/p>\n\n\n\n<p>\u00abNo nos sorprende el desmanejo que hubo en la Anses en manos de Marcos Vera, una persona que no estaba capacitada ni ten\u00eda el perfil para poder desempe\u00f1ar una labor tan importante. Sabemos que ya hay denuncias e investigaciones en el foro federal, porque la situaci\u00f3n de la Anses sobre los turnos que eran comercializados era algo que se ven\u00eda viviendo hace mucho tiempo y en buena hora que se pueda romper ese c\u00edrculo vicioso y que empiece a funcionar\u00bb, expres\u00f3 el legislador salte\u00f1o.<\/p>\n\n\n\n<p>El diputado cont\u00f3 que hizo un pedido en la C\u00e1mara para que se convoque v\u00eda Zoom a alguna autoridad referente de la Anses a nivel nacional para que brinden alguna explicaci\u00f3n sobre el funcionamiento del organismo nacional.<\/p>\n\n\n\n<p>\u00abSer\u00eda importante saber c\u00f3mo se va a revertir esta situaci\u00f3n operativamente. Si bien ha mejorado sensiblemente a partir de la intervenci\u00f3n, advertimos que hay una unidad de atenci\u00f3n integral que no se volvi\u00f3 a abrir despu\u00e9s de que se quem\u00f3 hace un par de a\u00f1os y por la cantidad de tr\u00e1mites y beneficiarios que tiene la provincia es incre\u00edble que a la fecha no se haya resuelto esa situaci\u00f3n y se habiliten nuevamente esas oficinas\u00bb, expres\u00f3 Diez Villa.<\/p>\n\n\n\n<p><strong>Corrupci\u00f3n sistem\u00e1tica<\/strong><\/p>\n\n\n\n<p>El detonante para el fin de los kirchneristas Vera y Aramayo fue la p\u00e9sima atenci\u00f3n brindada por la Anses desde que arranc\u00f3 la pandemia. Por la investigaci\u00f3n interna que se dio a conocer el lunes, 20 agentes fueron desafectados, suspendidos, sumariados o reubicados para que no se entorpezcan las diligencias judiciales.<\/p>\n\n\n\n<p>\u00abLo de la Anses es escandaloso\u00bb, expres\u00f3 la diputada provincial por Met\u00e1n, Gladys Mois\u00e9s. Y agreg\u00f3: \u00abNo solo porque evidencia una corrupci\u00f3n sistem\u00e1tica, sino porque muestra una total y absoluta falta de empat\u00eda para con las personas m\u00e1s vulnerables. Nunca se ponen en el lugar del otro, la prioridad es currar, y la mayor\u00eda de las veces act\u00faan con total impunidad\u00bb, afirm\u00f3.<\/p>\n\n\n\n<p>La legisladora, en di\u00e1logo con este diario, manifest\u00f3 que celebra que el organismo se haya intervenido y que \u00abestas cosas est\u00e9n saliendo a la luz\u00bb. \u00abEs un avance\u00bb, dijo.<\/p>\n\n\n\n<p>\u00abLamentablemente, los quioscos siempre est\u00e1n a la orden del d\u00eda en estos organismos nacionales. Es dif\u00edcil desactivarlos porque hay un statu quo poderoso que los protege, a m\u00ed me atacaron de todos lados cuando quise terminar con los quioscos en el PAMI\u00bb, afirm\u00f3 Mois\u00e9s. Y a\u00f1adi\u00f3: \u00abSi uno quiere realmente que las cosas cambien hay que saber resistir las presiones\u00bb.<\/p>\n\n\n\n<p>Para la referente del PRO lo grave en este caso es que \u00abal parecer los militantes que La C\u00e1mpora nombr\u00f3 en los organismos p\u00fablicos nacionales no tuvieron ninguna intenci\u00f3n de terminar con los quioscos, sino que incluso los fomentaron y crearon otros nuevos, todo en desmedro de las personas m\u00e1s vulnerables que, seg\u00fan su relato, ven\u00edan a cuidar\u00bb.<\/p>\n\n\n\n<p><strong>La no gesti\u00f3n<\/strong><\/p>\n\n\n\n<p>Federico N\u00fa\u00f1ez Burgos, actual defensor del pueblo por la Ciudad de Salta, y extitular de la Anses durante la administraci\u00f3n de Mauricio Macri, afirm\u00f3 que ve con mucha \u00abtristeza\u00bb lo que est\u00e1 ocurriendo en la sede local del organismo. \u00abEs un organismo vital para la seguridad social de nuestra provincia y nuestro pa\u00eds. Es realmente muy triste leer que es posible que haya personal de Anses involucrado en situaciones il\u00edcitas\u00bb.<\/p>\n\n\n\n<p>El funcionario cont\u00f3 que en 2015, cuando asumi\u00f3 a cargo del organismo nacional, lo primero que hizo fue identificar donde pod\u00eda haber algunos inconvenientes. Afirm\u00f3 que desde la Defensor\u00eda del Pueblo, trataron de acompa\u00f1ar a la gesti\u00f3n saliente de Vera y Aramayo, proponi\u00e9ndoles alternativas, llam\u00e1ndoles la atenci\u00f3n de fallos administrativos que ve\u00edamos en los procesos, pero agreg\u00f3 que \u00ablamentablemente no fuimos escuchados\u00bb.<\/p>\n\n\n\n<figure class=\"wp-block-image\"><img decoding=\"async\" src=\"https:\/\/us.cdn.eltribuno.com\/052021\/1620183327417\/1.jpg\" alt=\"\"\/><\/figure>\n\n\n\n<p>\u00abDa mucha bronca saber que se ha utilizado esto de mala manera. Me preocupa que haya una caza de brujas interna dentro del organismo y paguen justos por pecadores. Hay un pu\u00f1ado de personas inescrupulosas que utilizan el organismo para beneficios personales, pero puedo dar fe que hay mucha gente en la Anses que le pone el pecho y son trabajadores honestos que han quedado en esta circunstancia\u00bb, afirm\u00f3.<\/p>\n\n\n\n<p>Sobre la intervenci\u00f3n nacional del organismo espera que sea \u00abecu\u00e1nime en la sanciones\u00bb y equilibrada. Adem\u00e1s pidi\u00f3 que se investigue hasta las \u00faltimas consecuencias porque \u00abtiene que salir a la luz la verdad y los responsables\u00bb.<\/p>\n\n\n\n<p>\u00abLa no gesti\u00f3n fue lo caracter\u00edstico del per\u00edodo de Vera y Aramayo. En realidad fue un organismo que qued\u00f3 a la deriva durante m\u00e1s de un a\u00f1o, un organismo sin un horizonte inmediato de desarrollo. Me parece que ha sido una no gesti\u00f3n y hoy estamos viviendo estas consecuencias\u00bb, finaliz\u00f3.<\/p>\n\n\n\n<p><strong>Fuente: El Tribuno<\/strong><\/p>\n","protected":false},"excerpt":{"rendered":"<p>Un revuelo pol\u00edtico se gener\u00f3 luego de que el lunes se conociera un duro informe de la intervenci\u00f3n de la oficina salte\u00f1a de la Administraci\u00f3n Nacional de la Seguridad Social&#8230; <\/p>\n","protected":false},"author":1,"featured_media":1241,"comment_status":"open","ping_status":"open","sticky":false,"template":"","format":"standard","meta":{"footnotes":""},"categories":[27,23,22],"tags":[],"class_list":["post-1240","post","type-post","status-publish","format-standard","has-post-thumbnail","hentry","category-destacadas","category-policiales","category-sociedad"],"_links":{"self":[{"href":"https:\/\/lacontracara.com\/index.php\/wp-json\/wp\/v2\/posts\/1240","targetHints":{"allow":["GET"]}}],"collection":[{"href":"https:\/\/lacontracara.com\/index.php\/wp-json\/wp\/v2\/posts"}],"about":[{"href":"https:\/\/lacontracara.com\/index.php\/wp-json\/wp\/v2\/types\/post"}],"author":[{"embeddable":true,"href":"https:\/\/lacontracara.com\/index.php\/wp-json\/wp\/v2\/users\/1"}],"replies":[{"embeddable":true,"href":"https:\/\/lacontracara.com\/index.php\/wp-json\/wp\/v2\/comments?post=1240"}],"version-history":[{"count":1,"href":"https:\/\/lacontracara.com\/index.php\/wp-json\/wp\/v2\/posts\/1240\/revisions"}],"predecessor-version":[{"id":1242,"href":"https:\/\/lacontracara.com\/index.php\/wp-json\/wp\/v2\/posts\/1240\/revisions\/1242"}],"wp:featuredmedia":[{"embeddable":true,"href":"https:\/\/lacontracara.com\/index.php\/wp-json\/wp\/v2\/media\/1241"}],"wp:attachment":[{"href":"https:\/\/lacontracara.com\/index.php\/wp-json\/wp\/v2\/media?parent=1240"}],"wp:term":[{"taxonomy":"category","embeddable":true,"href":"https:\/\/lacontracara.com\/index.php\/wp-json\/wp\/v2\/categories?post=1240"},{"taxonomy":"post_tag","embeddable":true,"href":"https:\/\/lacontracara.com\/index.php\/wp-json\/wp\/v2\/tags?post=1240"}],"curies":[{"name":"wp","href":"https:\/\/api.w.org\/{rel}","templated":true}]}}