{"id":1246,"date":"2021-05-05T02:34:59","date_gmt":"2021-05-05T05:34:59","guid":{"rendered":"https:\/\/lacontracara.com\/?p=1246"},"modified":"2021-05-05T02:35:00","modified_gmt":"2021-05-05T05:35:00","slug":"la-sesion-de-diputados-estuvo-al-borde-del-bochorno","status":"publish","type":"post","link":"https:\/\/lacontracara.com\/index.php\/2021\/05\/05\/la-sesion-de-diputados-estuvo-al-borde-del-bochorno\/","title":{"rendered":"La sesi\u00f3n de Diputados estuvo al borde del bochorno"},"content":{"rendered":"\n<p>La sesi\u00f3n de este martes de la C\u00e1mara de Diputados roz\u00f3 el bochorno por las fuertes diferencias que se manifestaron en torno a la aplicaci\u00f3n de procedimientos que establece el reglamento interno para la votaci\u00f3n de dict\u00e1menes que emiten las comisiones.<\/p>\n\n\n\n<p>El plenario fue presidido por el vicepresidente primero, Ignacio Jars\u00fan, quien viene reemplazando al titular del cuerpo, Esteban Amat, que se encuentra en recuperaci\u00f3n de la intervenci\u00f3n quir\u00fargica a la que fue sometido por un problema cardiaco.<\/p>\n\n\n\n<p>El desacuerdo se gener\u00f3 al momento de tratar el proyecto de ley que impulsa la adhesi\u00f3n de la provincia a la ley nacional 26.653 de accesibilidad de la informaci\u00f3n en las p\u00e1ginas web y al decreto reglamentario 656\/19.<\/p>\n\n\n\n<p>Esta ley nacional favorece a personas con discapacidad y tambi\u00e9n a grupos de usuarios en condiciones desfavorables, como personas con dificultades por envejecimiento, con limitaciones tecnol\u00f3gicas o diferencias culturales y quienes sean inexpertos en el uso de dispositivos electr\u00f3nicos.<\/p>\n\n\n\n<p>El proyecto fue originado en la C\u00e1mara baja y con la media sanci\u00f3n, que otorg\u00f3 en noviembre del a\u00f1o pasado, pas\u00f3 en revisi\u00f3n al Senado, donde fue modificado y lo devolvieron en abril pasado a los diputados.<\/p>\n\n\n\n<p>Generalmente, cuando no aprueban los cambios de los senadores, desde la C\u00e1mara baja se insiste con la aprobaci\u00f3n del proyecto original y lo devuelven a la C\u00e1mara alta.<\/p>\n\n\n\n<p>En esta ocasi\u00f3n, un grupo de diputados quer\u00eda dar ese paso, pero otro grupo se dispon\u00eda a apoyar los cambios realizados por el Senado y all\u00ed se registr\u00f3 la primera diferencia.<\/p>\n\n\n\n<p>En ese tramo, el diputado oficialista, German Rall\u00e9, consider\u00f3 que se deb\u00eda aprobar la iniciativa con los cambios, para evitar que se pierda tiempo y se convierta en ley lo m\u00e1s pronto posible.&nbsp;<\/p>\n\n\n\n<p>La diputada Cristina Fiore intervino para plantear que la aprobaci\u00f3n de una ley es una cuesti\u00f3n de seriedad y de responsabilidad institucional y no se trata de evitar que se pierda el tiempo.<\/p>\n\n\n\n<p>Al momento de la votaci\u00f3n del dictamen, Jars\u00fan dijo que se considerar\u00edan dos dict\u00e1menes, uno de mayor\u00eda y otro de minor\u00eda, pero hizo votar un dictamen \u00fanico de la comisi\u00f3n de Salud que aconsejaba aprobar el proyecto del Senado.<\/p>\n\n\n\n<p>Varios diputados manifestaron que por estar establecido en el reglamento del cuerpo se deb\u00eda votar primero el de mayor\u00eda y se mostraron en contra de que se deje de lado el que elabor\u00f3 la comisi\u00f3n de Legislaci\u00f3n General aconsejando insistir con la sanci\u00f3n de Diputados.<\/p>\n\n\n\n<p>Este paso gener\u00f3 el un airado reclamo de la titular de Legislaci\u00f3n General, Socorro Villamayor, que pidi\u00f3 una reuni\u00f3n urgente para la interpretaci\u00f3n cabal del reglamento con respecto a la votaci\u00f3n de los dict\u00e1menes.<\/p>\n\n\n\n<p>Villamayor tambi\u00e9n se quej\u00f3 porque le cortaron el micr\u00f3fono cuando estaba hablando y le recrimin\u00f3 a Jars\u00fan por haberle dicho que estaba equivocada con respecto al orden de prioridades de las comisiones.<\/p>\n\n\n\n<p>A esa altura la sesi\u00f3n virtual roz\u00f3 el bochorno y desnud\u00f3 que existe un evidente desconocimiento de los procedimientos establecidos en el reglamento interno del cuerpo para desarrollar como corresponden las sesiones.<\/p>\n\n\n\n<p>El dictamen para aprobar la ley con los cambios del Senado arroj\u00f3 39 votos a favor y 19 en contra, mientras que en la votaci\u00f3n del proyecto en general se registraron 32 a favor y 12 en contra.<\/p>\n\n\n\n<h2 class=\"wp-block-heading\">Reuni\u00f3n con Aguilar<\/h2>\n\n\n\n<p>En el inicio de la sesi\u00f3n, el vicepresidente de Diputados, Ignacio Jarsun, anunci\u00f3 que ma\u00f1ana, a partir de las 10, los diputados realizar\u00e1n una reuni\u00f3n por videoconferencia con el titular del COE, Francisco Aguilar.<\/p>\n\n\n\n<p>Durante el encuentro, los diputados escuchar\u00e1n un informe sobre la situaci\u00f3n de la pandemia de coronavirus en la provincia y del sistema del salud y tambi\u00e9n le preguntar\u00e1n que tiene previsto el COE con respecto a las elecciones que est\u00e1n convocadas para el 4 de julio.<\/p>\n\n\n\n<p>En el tramo de las manifestaciones de la crispada sesi\u00f3n de ayer, el diputado Santiago Godoy, consider\u00f3 que \u201cel gobernador Gustavo Sa\u00e9nz deber\u00eda postergar las elecciones provinciales\u201d y que las mismas deber\u00edan realizarse junto con las nacionales.<\/p>\n\n\n\n<p><strong>Fuente: El Tribuno<\/strong><\/p>\n","protected":false},"excerpt":{"rendered":"<p>La sesi\u00f3n de este martes de la C\u00e1mara de Diputados roz\u00f3 el bochorno por las fuertes diferencias que se manifestaron en torno a la aplicaci\u00f3n de procedimientos que establece el&#8230; <\/p>\n","protected":false},"author":1,"featured_media":1247,"comment_status":"open","ping_status":"open","sticky":false,"template":"","format":"standard","meta":{"footnotes":""},"categories":[27,18],"tags":[],"class_list":["post-1246","post","type-post","status-publish","format-standard","has-post-thumbnail","hentry","category-destacadas","category-politica"],"_links":{"self":[{"href":"https:\/\/lacontracara.com\/index.php\/wp-json\/wp\/v2\/posts\/1246","targetHints":{"allow":["GET"]}}],"collection":[{"href":"https:\/\/lacontracara.com\/index.php\/wp-json\/wp\/v2\/posts"}],"about":[{"href":"https:\/\/lacontracara.com\/index.php\/wp-json\/wp\/v2\/types\/post"}],"author":[{"embeddable":true,"href":"https:\/\/lacontracara.com\/index.php\/wp-json\/wp\/v2\/users\/1"}],"replies":[{"embeddable":true,"href":"https:\/\/lacontracara.com\/index.php\/wp-json\/wp\/v2\/comments?post=1246"}],"version-history":[{"count":1,"href":"https:\/\/lacontracara.com\/index.php\/wp-json\/wp\/v2\/posts\/1246\/revisions"}],"predecessor-version":[{"id":1248,"href":"https:\/\/lacontracara.com\/index.php\/wp-json\/wp\/v2\/posts\/1246\/revisions\/1248"}],"wp:featuredmedia":[{"embeddable":true,"href":"https:\/\/lacontracara.com\/index.php\/wp-json\/wp\/v2\/media\/1247"}],"wp:attachment":[{"href":"https:\/\/lacontracara.com\/index.php\/wp-json\/wp\/v2\/media?parent=1246"}],"wp:term":[{"taxonomy":"category","embeddable":true,"href":"https:\/\/lacontracara.com\/index.php\/wp-json\/wp\/v2\/categories?post=1246"},{"taxonomy":"post_tag","embeddable":true,"href":"https:\/\/lacontracara.com\/index.php\/wp-json\/wp\/v2\/tags?post=1246"}],"curies":[{"name":"wp","href":"https:\/\/api.w.org\/{rel}","templated":true}]}}