{"id":1249,"date":"2021-05-05T02:39:33","date_gmt":"2021-05-05T05:39:33","guid":{"rendered":"https:\/\/lacontracara.com\/?p=1249"},"modified":"2021-05-05T02:39:34","modified_gmt":"2021-05-05T05:39:34","slug":"preocupacion-en-el-norte-murio-una-joven-por-un-caso-grave-de-dengue","status":"publish","type":"post","link":"https:\/\/lacontracara.com\/index.php\/2021\/05\/05\/preocupacion-en-el-norte-murio-una-joven-por-un-caso-grave-de-dengue\/","title":{"rendered":"Preocupaci\u00f3n en el norte: muri\u00f3 una joven por un caso grave de dengue"},"content":{"rendered":"\n<p>El ministro de Salud, Juan Jos\u00e9 Esteban, explic\u00f3 por una radio de Or\u00e1n que el diagn\u00f3stico de la joven de 25 a\u00f1os fallecida en el hospital San Vicente de Pa\u00fal, se bas\u00f3 en la plaquetopenia importante que presentaba, por lo que se presupone que muri\u00f3 por una variedad de dengue grave. Estas afirmaciones del funcionario provincial desataron las alarmas en la poblaci\u00f3n local.<\/p>\n\n\n\n<p>Para completar el cuadro de preocupaci\u00f3n reinante en esta ciudad norte\u00f1a, el infect\u00f3logo Marcelo Quipildor sali\u00f3 a informar por los medios locales que la situaci\u00f3n epidemiol\u00f3gica de Or\u00e1n comenz\u00f3 a ser preocupante debido al aumento de casos positivos de COVID-19 y dengue.<\/p>\n\n\n\n<p>\u00abEstamos atravesando una sindemia; cuando utilizamos esta calificaci\u00f3n es porque hay dos virus a la vez atacando, uno de ellos es el que produce la COVID-19 y el segundo es el virus del dengue\u00bb, defin\u00f3 el profesional.<\/p>\n\n\n\n<h2 class=\"wp-block-heading\">Muchas consultas de febriles<\/h2>\n\n\n\n<p>En estos momentos lo que m\u00e1s afecta a muchos vecinos es el dengue, muchas son las consultas dentro del hospital y afuera, en la carpa de febriles. \u00abOr\u00e1n super\u00f3 los 300 casos de dengue en las \u00faltimas semanas\u00bb, dijo.<\/p>\n\n\n\n<p>Quipildor alert\u00f3, adem\u00e1s, que tenemos un dengue \u00abmucho m\u00e1s agresivo, con mucho dolor de cabeza, con sintomatolog\u00eda m\u00e1s fuerte, con m\u00e1s fiebre y los cl\u00e1sicos dolores quebrantahuesos, con picaz\u00f3n de cuerpo, sarpullidos, pero es la misma variedad que la del a\u00f1o pasado, o sea del cerotipo 1\u00bb.<\/p>\n\n\n\n<p>M\u00e1s adelante el infect\u00f3logo aclar\u00f3 que resulta fundamental \u00abdiferenciar los s\u00edntomas de dengue y de coronavirus y para eso est\u00e1 la carpa de febriles afuera del hospital, para hacer esa distinci\u00f3n\u00bb.<\/p>\n\n\n\n<p>Y para reafirmar sus expresiones reconoci\u00f3 que \u00abhasta la fecha hubo entre 5 y 6 personas que sufrieron la variedad grave de dengue\u00bb.<\/p>\n\n\n\n<h2 class=\"wp-block-heading\">M\u00e1s de 300 casos en un mes<\/h2>\n\n\n\n<p>Con m\u00e1s de 300 casos confirmados de dengue en las \u00faltimas cuatro semanas, Or\u00e1n alcanz\u00f3 una cifra que sobrepasa a la de los contagios de COVID-19.<\/p>\n\n\n\n<p>Respecto de la variedad grave, Quipildor record\u00f3 que \u00abeste tipo se divide en tres formas: 1\u00b4) dengue hemorr\u00e1gico, 2\u00b4) con compromiso de v\u00edsceras y 3\u00b4) con acumulaci\u00f3n de l\u00edquido\u00bb.<\/p>\n\n\n\n<p>Otro dato que aport\u00f3 el m\u00e9dico, es que si una mujer est\u00e1 transcurriendo la menstruaci\u00f3n y contrae dengue, puede presentar una hemorragia grave.<\/p>\n\n\n\n<h2 class=\"wp-block-heading\">Temor en la poblaci\u00f3n<\/h2>\n\n\n\n<p>Una cosa es que los norte\u00f1os est\u00e9n ya acostumbrados al dengue, con su cuadro de dolores y fiebres y otra cosa es que comience a ser normal una sintomatolog\u00eda mucho m\u00e1s grave, o casos de dengue hemorr\u00e1gico.<\/p>\n\n\n\n<p>M\u00e1s a\u00fan cuando la pandemia de coronavirus est\u00e1 lejos de haber concluido y los casos vienen en sostenido aumento en los \u00faltimos d\u00edas, tanto a nivel provincial como nacional.<\/p>\n\n\n\n<p>Por otro lado, indic\u00f3 que en las carpas de la Cruz Roja, que se encuentran en las afueras del hospital, se brind\u00f3 atenci\u00f3n a m\u00e1s de 300 pacientes en el \u00faltimo mes, tanto para dengue como para COVID-19.<\/p>\n\n\n\n<p>Particularmente, \u00aben este a\u00f1o 2021 tenemos un dengue mucho m\u00e1s agresivo que en a\u00f1os anteriores, con sintomatolog\u00edas m\u00e1s graves, aunque sea la misma cepa. Es la cepa 1, la misma del a\u00f1o pasado, pero la sintomatolog\u00eda de los casos es mucho m\u00e1s fuerte y los pacientes la sufren mucho\u00bb, concluy\u00f3.<\/p>\n\n\n\n<p><strong>Fuente: El Tribuno<\/strong><\/p>\n","protected":false},"excerpt":{"rendered":"<p>El ministro de Salud, Juan Jos\u00e9 Esteban, explic\u00f3 por una radio de Or\u00e1n que el diagn\u00f3stico de la joven de 25 a\u00f1os fallecida en el hospital San Vicente de Pa\u00fal,&#8230; <\/p>\n","protected":false},"author":1,"featured_media":1250,"comment_status":"open","ping_status":"open","sticky":false,"template":"","format":"standard","meta":{"footnotes":""},"categories":[37,27,38],"tags":[],"class_list":["post-1249","post","type-post","status-publish","format-standard","has-post-thumbnail","hentry","category-dengue","category-destacadas","category-municipios"],"_links":{"self":[{"href":"https:\/\/lacontracara.com\/index.php\/wp-json\/wp\/v2\/posts\/1249","targetHints":{"allow":["GET"]}}],"collection":[{"href":"https:\/\/lacontracara.com\/index.php\/wp-json\/wp\/v2\/posts"}],"about":[{"href":"https:\/\/lacontracara.com\/index.php\/wp-json\/wp\/v2\/types\/post"}],"author":[{"embeddable":true,"href":"https:\/\/lacontracara.com\/index.php\/wp-json\/wp\/v2\/users\/1"}],"replies":[{"embeddable":true,"href":"https:\/\/lacontracara.com\/index.php\/wp-json\/wp\/v2\/comments?post=1249"}],"version-history":[{"count":1,"href":"https:\/\/lacontracara.com\/index.php\/wp-json\/wp\/v2\/posts\/1249\/revisions"}],"predecessor-version":[{"id":1251,"href":"https:\/\/lacontracara.com\/index.php\/wp-json\/wp\/v2\/posts\/1249\/revisions\/1251"}],"wp:featuredmedia":[{"embeddable":true,"href":"https:\/\/lacontracara.com\/index.php\/wp-json\/wp\/v2\/media\/1250"}],"wp:attachment":[{"href":"https:\/\/lacontracara.com\/index.php\/wp-json\/wp\/v2\/media?parent=1249"}],"wp:term":[{"taxonomy":"category","embeddable":true,"href":"https:\/\/lacontracara.com\/index.php\/wp-json\/wp\/v2\/categories?post=1249"},{"taxonomy":"post_tag","embeddable":true,"href":"https:\/\/lacontracara.com\/index.php\/wp-json\/wp\/v2\/tags?post=1249"}],"curies":[{"name":"wp","href":"https:\/\/api.w.org\/{rel}","templated":true}]}}