{"id":12846,"date":"2022-03-30T19:38:36","date_gmt":"2022-03-30T22:38:36","guid":{"rendered":"https:\/\/lacontracara.com\/?p=12846"},"modified":"2022-03-30T19:38:38","modified_gmt":"2022-03-30T22:38:38","slug":"vih-en-salta-en-promedio-registran-mas-de-un-caso-nuevo-al-dia","status":"publish","type":"post","link":"https:\/\/lacontracara.com\/index.php\/2022\/03\/30\/vih-en-salta-en-promedio-registran-mas-de-un-caso-nuevo-al-dia\/","title":{"rendered":"VIH en Salta | En promedio registran m\u00e1s de un caso nuevo al d\u00eda"},"content":{"rendered":"\n<p>En la provincia de Salta se registran alrededor de 40 contagios de VIH por mes. As\u00ed lo especific\u00f3 M\u00f3nica Gelsi respecto a las Infecciones de Transmisi\u00f3n Sexual (ITS) que circulan en la provincia.<\/p>\n\n\n\n<p>La especialista en Sexolog\u00eda Cl\u00ednica destac\u00f3 en la misma entrevista radial que esta cifra debe ser tomada como  \u201cun llamado de atenci\u00f3n para que la gente vuelva a usar m\u00e9todos de protecci\u00f3n\u201d<\/p>\n\n\n\n<p>.\u00abTambi\u00e9n manifest\u00f3 que nuevamente se han detectado casos de s\u00edfilis, una enfermedad que se cre\u00eda erradicada. Alert\u00f3 que hay ni\u00f1os reci\u00e9n nacidos con s\u00edfilis cong\u00e9nita, debido a la falta de controles previos de las madres\u00bb, se\u00f1ala la nota publicada por FM Aries.<\/p>\n\n\n\n<p><\/p>\n","protected":false},"excerpt":{"rendered":"<p>En la provincia de Salta se registran alrededor de 40 contagios de VIH por mes. As\u00ed lo especific\u00f3 M\u00f3nica Gelsi respecto a las Infecciones de Transmisi\u00f3n Sexual (ITS) que circulan&#8230; <\/p>\n","protected":false},"author":4,"featured_media":12850,"comment_status":"open","ping_status":"open","sticky":false,"template":"","format":"standard","meta":{"footnotes":""},"categories":[42,22],"tags":[219,2268,35,2267],"class_list":["post-12846","post","type-post","status-publish","format-standard","has-post-thumbnail","hentry","category-salta","category-sociedad","tag-contagios","tag-especialista-en-sexologia-clinica","tag-salta","tag-vih"],"_links":{"self":[{"href":"https:\/\/lacontracara.com\/index.php\/wp-json\/wp\/v2\/posts\/12846","targetHints":{"allow":["GET"]}}],"collection":[{"href":"https:\/\/lacontracara.com\/index.php\/wp-json\/wp\/v2\/posts"}],"about":[{"href":"https:\/\/lacontracara.com\/index.php\/wp-json\/wp\/v2\/types\/post"}],"author":[{"embeddable":true,"href":"https:\/\/lacontracara.com\/index.php\/wp-json\/wp\/v2\/users\/4"}],"replies":[{"embeddable":true,"href":"https:\/\/lacontracara.com\/index.php\/wp-json\/wp\/v2\/comments?post=12846"}],"version-history":[{"count":1,"href":"https:\/\/lacontracara.com\/index.php\/wp-json\/wp\/v2\/posts\/12846\/revisions"}],"predecessor-version":[{"id":12851,"href":"https:\/\/lacontracara.com\/index.php\/wp-json\/wp\/v2\/posts\/12846\/revisions\/12851"}],"wp:featuredmedia":[{"embeddable":true,"href":"https:\/\/lacontracara.com\/index.php\/wp-json\/wp\/v2\/media\/12850"}],"wp:attachment":[{"href":"https:\/\/lacontracara.com\/index.php\/wp-json\/wp\/v2\/media?parent=12846"}],"wp:term":[{"taxonomy":"category","embeddable":true,"href":"https:\/\/lacontracara.com\/index.php\/wp-json\/wp\/v2\/categories?post=12846"},{"taxonomy":"post_tag","embeddable":true,"href":"https:\/\/lacontracara.com\/index.php\/wp-json\/wp\/v2\/tags?post=12846"}],"curies":[{"name":"wp","href":"https:\/\/api.w.org\/{rel}","templated":true}]}}