{"id":12979,"date":"2022-03-31T16:14:17","date_gmt":"2022-03-31T19:14:17","guid":{"rendered":"https:\/\/lacontracara.com\/?p=12979"},"modified":"2022-03-31T16:14:18","modified_gmt":"2022-03-31T19:14:18","slug":"en-la-comunidad-de-alfarcito-se-realizo-un-operativo-territorial","status":"publish","type":"post","link":"https:\/\/lacontracara.com\/index.php\/2022\/03\/31\/en-la-comunidad-de-alfarcito-se-realizo-un-operativo-territorial\/","title":{"rendered":"En la comunidad de Alfarcito se realiz\u00f3 un operativo territorial"},"content":{"rendered":"\n<p>La Secretaria de Fortalecimiento Socio Comunitario del Ministerio de Desarrollo Social junto a la Subsecretar\u00eda de Cuidado y Asistencia a Adultos Mayores, a la Administraci\u00f3n Nacional de Seguridad Social (Anses) y el Municipio de Campo Quijano, desarrollaron un operativo territorial en la comunidad de Alfarcito.<\/p>\n\n\n\n<p>Durante la jornada, las direcciones de Desarrollo Local y Desarrollo Socio Econ\u00f3mico brindaron un taller, destinado a los artesanos y artesanas de la zona, emprendedores y alumnos egresados del colegio secundario.<\/p>\n\n\n\n<p>Adem\u00e1s analizaron distintos proyectos locales, los requisitos de postulaci\u00f3n y el proceso de adjudicaci\u00f3n y monitoreo de los microcr\u00e9ditos. Por otro lado, se realizaron la entrega de m\u00f3dulos alimentarios a las personas en situaci\u00f3n de vulnerabilidad y entrega de kit de limpieza al puesto sanitario de salud, la Iglesia y los establecimientos educativos primario y secundario.<\/p>\n\n\n\n<p>Jorge Rodr\u00edguez, director de Desarrollo Socio Econ\u00f3mico, indic\u00f3 que \u201cestamos acompa\u00f1ado a cada emprendedor de la zona mediante microcr\u00e9ditos para que puedan fortalecer sus proyectos y el desarrollo socio econ\u00f3mico de la zona, estamos al lado de la gente\u201c.<\/p>\n\n\n\n<p>Por su parte, el director de Desarrollo Local, Arturo Morales subray\u00f3 que \u201cla presencia y respuesta es territorial, el objetivo central es potenciar cada iniciativa local y las instituciones que brindan atenci\u00f3n y servicios a las comunidades, entre los organismos nacionales, provinciales y las organizaciones de base\u201d<\/p>\n\n\n\n<p>Asimismo, la Subsecretaria de Cuidado y Asistencia al Adulto Mayor, Agustina Esteban y funcionarios del Municipio de Campo Quijano, brindaron atenci\u00f3n y asesoramiento a las personas que se acercaron al operativo, como as\u00ed tambi\u00e9n dieron a conocer los programas que brinda dicho organismo y la disponibilidad de acceso a los derechos.<\/p>\n\n\n\n<p>Finalmente, el ANSES brind\u00f3 asesoramiento y realiz\u00f3 tr\u00e1mites a los pobladores de la zona sobre: jubilaciones, pensiones, consulta de activos, Progresar, asignaci\u00f3n familiar y asignaci\u00f3n familiar por hijo.<\/p>\n\n\n\n<p>Asistieron adem\u00e1s, vecinos de la comunidad: El G\u00f3lgota, Santa Rosa, San Bernardo de la Rosa, Incamayo, entre otros. <\/p>\n\n\n\n<p><\/p>\n","protected":false},"excerpt":{"rendered":"<p>La Secretaria de Fortalecimiento Socio Comunitario del Ministerio de Desarrollo Social junto a la Subsecretar\u00eda de Cuidado y Asistencia a Adultos Mayores, a la Administraci\u00f3n Nacional de Seguridad Social (Anses)&#8230; <\/p>\n","protected":false},"author":4,"featured_media":12983,"comment_status":"open","ping_status":"open","sticky":false,"template":"","format":"standard","meta":{"footnotes":""},"categories":[18,42],"tags":[2301,2300,2296,1864,2298,2299,2297,35],"class_list":["post-12979","post","type-post","status-publish","format-standard","has-post-thumbnail","hentry","category-politica","category-salta","tag-agustina-esteban","tag-arturo-morales","tag-asesoramiento","tag-campo-quijano","tag-comunidad-de-alfarcito","tag-jorge-rodriguez","tag-operativo-territorial","tag-salta"],"_links":{"self":[{"href":"https:\/\/lacontracara.com\/index.php\/wp-json\/wp\/v2\/posts\/12979","targetHints":{"allow":["GET"]}}],"collection":[{"href":"https:\/\/lacontracara.com\/index.php\/wp-json\/wp\/v2\/posts"}],"about":[{"href":"https:\/\/lacontracara.com\/index.php\/wp-json\/wp\/v2\/types\/post"}],"author":[{"embeddable":true,"href":"https:\/\/lacontracara.com\/index.php\/wp-json\/wp\/v2\/users\/4"}],"replies":[{"embeddable":true,"href":"https:\/\/lacontracara.com\/index.php\/wp-json\/wp\/v2\/comments?post=12979"}],"version-history":[{"count":1,"href":"https:\/\/lacontracara.com\/index.php\/wp-json\/wp\/v2\/posts\/12979\/revisions"}],"predecessor-version":[{"id":12984,"href":"https:\/\/lacontracara.com\/index.php\/wp-json\/wp\/v2\/posts\/12979\/revisions\/12984"}],"wp:featuredmedia":[{"embeddable":true,"href":"https:\/\/lacontracara.com\/index.php\/wp-json\/wp\/v2\/media\/12983"}],"wp:attachment":[{"href":"https:\/\/lacontracara.com\/index.php\/wp-json\/wp\/v2\/media?parent=12979"}],"wp:term":[{"taxonomy":"category","embeddable":true,"href":"https:\/\/lacontracara.com\/index.php\/wp-json\/wp\/v2\/categories?post=12979"},{"taxonomy":"post_tag","embeddable":true,"href":"https:\/\/lacontracara.com\/index.php\/wp-json\/wp\/v2\/tags?post=12979"}],"curies":[{"name":"wp","href":"https:\/\/api.w.org\/{rel}","templated":true}]}}