{"id":13247,"date":"2022-04-04T16:13:23","date_gmt":"2022-04-04T19:13:23","guid":{"rendered":"https:\/\/lacontracara.com\/?p=13247"},"modified":"2022-04-04T16:13:28","modified_gmt":"2022-04-04T19:13:28","slug":"mesa-de-la-inflacion-alternativas-para-el-gas-invernal-y-datos-de-construccion-e-industria","status":"publish","type":"post","link":"https:\/\/lacontracara.com\/index.php\/2022\/04\/04\/mesa-de-la-inflacion-alternativas-para-el-gas-invernal-y-datos-de-construccion-e-industria\/","title":{"rendered":"Mesa de la inflaci\u00f3n, alternativas para el gas invernal y datos de construcci\u00f3n e industria"},"content":{"rendered":"\n<p>El Gobierno continuar\u00e1 esta semana las rondas de di\u00e1logos con empresarios y sindicalistas en busca de un acuerdo de precios que funcione como un ancla para mantener la inflaci\u00f3n lo m\u00e1s a raya que se pueda.<\/p>\n\n\n\n<p> Se espera un encuentro para este martes en el Ministerio de Econom\u00eda, como sucedi\u00f3 la semana pasada, o en Casa Rosada con dirigentes industriales y del comercio, entre otros sectores y de la CGT.<\/p>\n\n\n\n<p>En la reuni\u00f3n que se hizo en Hacienda el jueves \u00faltimo se sentaron los ministros de Econom\u00eda, Mart\u00edn Guzm\u00e1n; Desarrollo Productivo, Mat\u00edas Kulfas y Trabajo, Claudio Moroni. Con H\u00e9ctor Daer, Carlos Acu\u00f1a y Andr\u00e9s Rodr\u00edguez de la CGT y Daniel Funes de Rioja, de la Uni\u00f3n Industrial (UIA). <\/p>\n\n\n\n<p>Funes fue en car\u00e1cter de titular de la UIA, pero es a la vez el presidente de la Coordinadora de Productores de Alimentos (Copal), que re\u00fane a los mayores fabricantes, claves para el Gobierno en la b\u00fasqueda de contener los precios. <\/p>\n\n\n\n<p>Ley de Alquileres<\/p>\n\n\n\n<p>La C\u00e1mara de Diputados comenzar\u00e1 a debatir este martes a las 15 en la comisi\u00f3n de Legislaci\u00f3n General una reforma de la Ley de Alquileres, con el eje puesto en modificar el plazo de vigencia de los contratos entre propietarios e inquilinos, as\u00ed como el sistema de actualizaci\u00f3n de los mismos.<\/p>\n\n\n\n<p>La reuni\u00f3n se pact\u00f3 a partir de un acuerdo alcanzado el mi\u00e9rcoles pasado por el presidente de la C\u00e1mara baja, Sergio Massa, con titulares de los bloques de la UCR, Mario Negri, y del PRO, Cristian Ritondo, que conforman el interbloque Juntos por el Cambio. <\/p>\n\n\n\n<p>Para lograr ese objetivo, Massa firm\u00f3 la respectiva resoluci\u00f3n citando a esa comisi\u00f3n que tendr\u00e1 31 miembros, de los cuales 16 corresponder\u00e1n al Frente de Todos, 14 a Juntos por el Cambio y uno al interbloque Federal.<\/p>\n\n\n\n<p>El acuerdo entre el FdT y JxC establece que a lo largo de 30 d\u00edas h\u00e1biles (equivalente a alrededor de 45 d\u00edas corridos) se discutir\u00e1n las reformas a la ley de alquileres que se encuentra vigente en la actualidad, que entr\u00f3 en vigencia el a\u00f1o pasado, con el objetivo de lograr un dictamen mayoritario entre las principales fuerzas pol\u00edticas.<\/p>\n\n\n\n<p>La necesidad de alcanzar un acuerdo es indispensable para poder aprobar las leyes debido a la extrema paridad num\u00e9rica que existe entre el FdT y JxC. El oficialismo tiene 118 miembros y la principal fuerza de oposici\u00f3n suma 116 integrantes.<\/p>\n\n\n\n<p>A menos de dos a\u00f1os de su sanci\u00f3n y de un a\u00f1o de su implementaci\u00f3n, la norma ha generado muchas dificultades para que los inquilinos puedan alquilar una propiedad y las cuestiones m\u00e1s objetadas pasan por los plazos de los contratos que se extendieron a un m\u00ednimo de tres a\u00f1os. Tambi\u00e9n tuvo diferentes cuestionamientos el \u00edndice de actualizaci\u00f3n de los contratos, basado en un promedio entre el Indice de Precios al Consumidor y el salario promedio.<\/p>\n\n\n\n<p>En cambio, los legisladores mantendr\u00e1n los art\u00edculos incorporados a la ley sancionada en 2020, que fueron la ampliaci\u00f3n del abanico de instrumentos permitidos para respaldar la operaci\u00f3n, ya que a la garant\u00eda mediante escrituras inmuebles se sumaron los seguros de cauci\u00f3n, el aval bancario y la garant\u00eda de fianza. Adem\u00e1s, se preservar\u00e1 que el inquilino pague un mes de adelanto y otro de dep\u00f3sito, ya que antes abonaba al menos dos meses de dep\u00f3sito.<\/p>\n\n\n\n<p>Precios Cuidados<\/p>\n\n\n\n<p>La Secretar\u00eda de Comercio Interior busca renovar este jueves el programa +Precios Cuidados, que incorporar\u00e1 la canasta de 60 productos para comercios de proximidad, y dar inicio a una nueva etapa de Cortes Cuidados. Vale recordar que el programa Precios Cuidados con 1.321 productos se lanz\u00f3 en enero con una pauta de aumento promedio mensual de hasta 2% y revisi\u00f3n trimestral, por lo que este 7 de abril deber\u00e1 renovarse.<\/p>\n\n\n\n<p>En esta nueva etapa, se incorporar\u00e1n los 60 productos que componen la canasta en comercios de proximidad, con productos b\u00e1sicos de almac\u00e9n, l\u00e1cteos, higiene y limpieza. \u00abEl 60% del consumo de alimentos envasados es a trav\u00e9s de comercios de proximidad; varias veces intentamos armar una canasta; el problema es el control pero tambi\u00e9n el margen del comercio, el autoempleo e informalidad\u00bb, explic\u00f3 el secretario de Comercio Interior, Roberto Feletti, al lanzar la canasta.<\/p>\n\n\n\n<p>En tanto, Cortes Cuidados estar\u00e1 vigente durante todo 2022 en m\u00e1s de 1.000 bocas de expendio de las grandes cadenas de supermercados con siete cortes, y la primera etapa del programa se extiende hasta el 7 de abril pr\u00f3ximo, cuando se analizar\u00e1n las condiciones de pr\u00f3rroga para el resto del a\u00f1o. <\/p>\n\n\n\n<p>En la primera etapa, el valor por kilo de corte es de $699 la tira de asado; $749 el vac\u00edo; $779 el matambre; $449 la falda; $639 la tapa de asado; $799 la nalga y $649 la paleta.<\/p>\n\n\n\n<p>Los consumidores pueden comprar los cortes en m\u00e1s de 1.000 bocas de expendio que incluyen las grandes cadenas de supermercados Coto, Jumbo, Vea, Disco, Carrefour, Walmart, Changomas, La An\u00f3nima y D\u00eda%; as\u00ed como las cadenas mayoristas Vital y Makro y carnicer\u00edas adheridas a Unica y ABC.<\/p>\n\n\n\n<p>Por otra parte, Feletti junto con la subsecretaria de Acciones para la Defensa de las y los Consumidores, Liliana Schwindt, mantuvieron un encuentro de trabajo con intendentes y funcionarios de diversos municipios bonaerenses pertenecientes a la tercera secci\u00f3n electoral, con el objetivo de articular la implementaci\u00f3n en el corto plazo de una canasta regulada de frutas y verduras. La idea que impulsa Comercio Interior es que la canasta llegue en una primera instancia a toda el Area Metropolitana de Buenos Aires (Amba), para luego expandirse a otros distritos.<\/p>\n\n\n\n<p>Actividad industrial<\/p>\n\n\n\n<p>El Indec dar\u00e1 a conocer su Indice de Producci\u00f3n Industrial manufacturero (IPI manufacturero) correspondiente a febrero. En el primer mes de 2022, el indicador hab\u00eda registrado una baja mensual del 5,5% debido a las paradas t\u00e9cnicas de algunos sectores, la escalada de contagios por la tercera ola del Covid-19 y cortes de luz.<\/p>\n\n\n\n<p>Algunos datos sectoriales indican que en febrero se volvi\u00f3 a una tendencia alcista. Por caso, y tambi\u00e9n luego de una fuerte baja en enero, la industria automotriz tuvo un incremento mensual del 14%, en tanto que la importaci\u00f3n de bienes intermedios creci\u00f3 1%.<\/p>\n\n\n\n<p>En ese sentido, de acuerdo al indicador adelantado del CEP XXI en base a informaci\u00f3n de consumo energ\u00e9tico provisto por Cammesa, en el segundo mes del a\u00f1o la actividad industrial creci\u00f3 10,8% interanual y 5,1% contra enero. Comparado contra la prepandemia, las subas son del 12,6% contra febrero de 2020 y del 11,9% contra 2019.<\/p>\n\n\n\n<p>Preocupaci\u00f3n por el gasLos empresarios industriales est\u00e1n preocupados por las dificultades que pueda llegar a tener el Gobierno para acceder a la compra de Gas Natural Licuado en el mercado mundial. Por esto, la Uni\u00f3n Industrial Argentina pidi\u00f3 para esta semana una reuni\u00f3n con la Secretar\u00eda de Energ\u00eda que conduce Dar\u00edo Mart\u00ednez.<\/p>\n\n\n\n<p>El Gobierno est\u00e1 terminando por estas horas un an\u00e1lisis de las compras que est\u00e1n realizando Energ\u00eda y la empresa estatal Integraci\u00f3n Energ\u00e9tica Argentina Sociedad An\u00f3nima (Ieasa), por lo que a partir de eso tendr\u00e1n un panorama m\u00e1s claro. <\/p>\n\n\n\n<p>En 2021 se necesitaron 56 barcos de GNL, pero en 2022 la demanda va a incrementarse y es posible que sean 70. El problema radica en que el precio del GNL en 2021 era de US$ 8 el mill\u00f3n de BTU que ahora sale US$ 35.<\/p>\n\n\n\n<p>Desde el Gobierno evitan hablar de cortes programados, en p\u00fablico se\u00f1alan que el suministro estar\u00e1. Sin embargo las opciones son varias, pero lo que est\u00e1 claro es que la industria le pedir\u00e1 al Gobierno que si tiene que haber cortes en el suministro a las plantas fabriles que sean rotativos y programados, de forma tal de permitirle a la f\u00e1brica afectada organizar su producci\u00f3n.<\/p>\n\n\n\n<p>Construcci\u00f3n<\/p>\n\n\n\n<p>El organismo estad\u00edstico nacional informar\u00e1 tambi\u00e9n el jueves el Indicador Sint\u00e9tico de la Actividad de la Construcci\u00f3n (Isac) de febrero. Este indicador, al igual que el de la industria, hab\u00eda mostrado en enero una baja pero del 3,9%. <\/p>\n\n\n\n<p>Al igual que en el rubro manufacturero, se espera una recuperaci\u00f3n de la construcci\u00f3n y vuelta a la senda del crecimiento a partir de enero. Esa mejora va asociada con lo que reflejan indicadores l\u00edderes como despachos de cemento del Afcp (9%) y el \u00edndice Construya (11%).<\/p>\n\n\n\n<p><\/p>\n","protected":false},"excerpt":{"rendered":"<p>El Gobierno continuar\u00e1 esta semana las rondas de di\u00e1logos con empresarios y sindicalistas en busca de un acuerdo de precios que funcione como un ancla para mantener la inflaci\u00f3n lo&#8230; <\/p>\n","protected":false},"author":4,"featured_media":13253,"comment_status":"open","ping_status":"open","sticky":false,"template":"","format":"standard","meta":{"footnotes":""},"categories":[19],"tags":[282,99],"class_list":["post-13247","post","type-post","status-publish","format-standard","has-post-thumbnail","hentry","category-economia","tag-inflacion","tag-precios"],"_links":{"self":[{"href":"https:\/\/lacontracara.com\/index.php\/wp-json\/wp\/v2\/posts\/13247","targetHints":{"allow":["GET"]}}],"collection":[{"href":"https:\/\/lacontracara.com\/index.php\/wp-json\/wp\/v2\/posts"}],"about":[{"href":"https:\/\/lacontracara.com\/index.php\/wp-json\/wp\/v2\/types\/post"}],"author":[{"embeddable":true,"href":"https:\/\/lacontracara.com\/index.php\/wp-json\/wp\/v2\/users\/4"}],"replies":[{"embeddable":true,"href":"https:\/\/lacontracara.com\/index.php\/wp-json\/wp\/v2\/comments?post=13247"}],"version-history":[{"count":1,"href":"https:\/\/lacontracara.com\/index.php\/wp-json\/wp\/v2\/posts\/13247\/revisions"}],"predecessor-version":[{"id":13254,"href":"https:\/\/lacontracara.com\/index.php\/wp-json\/wp\/v2\/posts\/13247\/revisions\/13254"}],"wp:featuredmedia":[{"embeddable":true,"href":"https:\/\/lacontracara.com\/index.php\/wp-json\/wp\/v2\/media\/13253"}],"wp:attachment":[{"href":"https:\/\/lacontracara.com\/index.php\/wp-json\/wp\/v2\/media?parent=13247"}],"wp:term":[{"taxonomy":"category","embeddable":true,"href":"https:\/\/lacontracara.com\/index.php\/wp-json\/wp\/v2\/categories?post=13247"},{"taxonomy":"post_tag","embeddable":true,"href":"https:\/\/lacontracara.com\/index.php\/wp-json\/wp\/v2\/tags?post=13247"}],"curies":[{"name":"wp","href":"https:\/\/api.w.org\/{rel}","templated":true}]}}