{"id":13256,"date":"2022-04-04T16:21:24","date_gmt":"2022-04-04T19:21:24","guid":{"rendered":"https:\/\/lacontracara.com\/?p=13256"},"modified":"2022-04-04T16:22:47","modified_gmt":"2022-04-04T19:22:47","slug":"bullrich-inicio-su-gira-presidenciable-en-ee-uu-funcionarios-banqueros-y-2-nobel-en-su-agenda","status":"publish","type":"post","link":"https:\/\/lacontracara.com\/index.php\/2022\/04\/04\/bullrich-inicio-su-gira-presidenciable-en-ee-uu-funcionarios-banqueros-y-2-nobel-en-su-agenda\/","title":{"rendered":"Bullrich inici\u00f3 su gira presidenciable en EE.UU.: funcionarios, banqueros y 2 Nobel, en su agenda"},"content":{"rendered":"\n<p>La presidenta del PRO, Patricia Bullrich, ya arranc\u00f3 una gira por Estados Unidos para reforzar sus credenciales presidenciables de cara a 2023.<\/p>\n\n\n\n<p>Ser\u00e1 un viaje de una semana e incluye visitas a Washington, Nueva York, Chicago y San Francisco.<\/p>\n\n\n\n<p>Bullrich, referente del sector halc\u00f3n de JxC y enfrentada con el sector paloma de Horacio Rodr\u00edguez Larreta (quien estuvo d\u00edas atr\u00e1s en Madrid y Berl\u00edn con el mismo fin), viaj\u00f3 en compa\u00f1\u00eda del legislador Juan Pablo Arenaza y Alberto F\u00f6hrig, exfuncionario del Ministerio de Seguridad que est\u00e1 a cargo del armado de los equipos t\u00e9cnicos<\/p>\n\n\n\n<p>La gira arranc\u00f3 hoy San Francisco, en donde visit\u00f3 la cuna de la innovaci\u00f3n tech: Silicon Valley. En un video breve desde Frisco, Bullrich termina diciendo \u201cAcompa\u00f1ame que podemos salir adelante\u201d.<\/p>\n\n\n\n<p>Seg\u00fan los colaboradores de Bullrich, la visita de la exministra de Seguridad de Mauricio Macri tambi\u00e9n despert\u00f3 inter\u00e9s entre banqueros e integrantes del mayor distrito financiero del mundo: Wall Street. Hablar\u00e1 con varios de ellos en un encuentro en la sede de JP Morgan.<\/p>\n\n\n\n<p>En la Gran Manzana, seg\u00fan el diario La Naci\u00f3n, tambi\u00e9n cenar\u00e1 con el premio Nobel de Econom\u00eda Thomas Sargent. El economista, que gan\u00f3 el Nobel en 2011 y escribi\u00f3 papers memorables con su colega Neil Wallace, es docente de la Escuela Stern de la New York University.<\/p>\n\n\n\n<p>Adem\u00e1s, se reunir\u00e1 con el Departamento de Econom\u00eda de la Universidad de Columbia.<\/p>\n\n\n\n<p>Luego, Bullrich se trasladar\u00e1 a la capital de Estados Unidos, para mantener encuentros con representantes del Departamento de Estado y el Tesoro, as\u00ed como referentes de fundaciones y think tanks, como el Center for Strategic and International Studies (CSIS). Tambi\u00e9n hablar\u00e1 antes estudiantes en la Universidad de Georgetown.<\/p>\n\n\n\n<p>El s\u00e1bado, su \u00faltimo d\u00eda en Estados Unidos, Bullrich visitar\u00e1 su escala final: Chicago. All\u00ed formar\u00e1 parte de la conferencia anual de Masters Argentina, una organizaci\u00f3n que agrupa estudiantes de posgrado de Argentina pa\u00eds en el mundo, que se realizar\u00e1 en la Kellogg School de la Universidad de Northwestern. Seg\u00fan el sitio oficial, tambi\u00e9n hablar\u00e1n Alfredo Cornejo y Jos\u00e9 Luis Espert.<\/p>\n\n\n\n<p>Adem\u00e1s, tendr\u00e1 una charla con James Heckman, otro Premio Nobel de Econom\u00eda, que investiga la importancia econ\u00f3mica de la educaci\u00f3n.<\/p>\n\n\n\n<p>El desembarco de la exfuncionaria ser\u00e1 financiado por aportes que recibi\u00f3 de empresarios, seg\u00fan indicaron desde la c\u00fapula del PRO.<\/p>\n\n\n\n<p><\/p>\n","protected":false},"excerpt":{"rendered":"<p>La presidenta del PRO, Patricia Bullrich, ya arranc\u00f3 una gira por Estados Unidos para reforzar sus credenciales presidenciables de cara a 2023. Ser\u00e1 un viaje de una semana e incluye&#8230; <\/p>\n","protected":false},"author":4,"featured_media":13262,"comment_status":"open","ping_status":"open","sticky":false,"template":"","format":"standard","meta":{"footnotes":""},"categories":[20,18],"tags":[],"class_list":["post-13256","post","type-post","status-publish","format-standard","has-post-thumbnail","hentry","category-nacionales","category-politica"],"_links":{"self":[{"href":"https:\/\/lacontracara.com\/index.php\/wp-json\/wp\/v2\/posts\/13256","targetHints":{"allow":["GET"]}}],"collection":[{"href":"https:\/\/lacontracara.com\/index.php\/wp-json\/wp\/v2\/posts"}],"about":[{"href":"https:\/\/lacontracara.com\/index.php\/wp-json\/wp\/v2\/types\/post"}],"author":[{"embeddable":true,"href":"https:\/\/lacontracara.com\/index.php\/wp-json\/wp\/v2\/users\/4"}],"replies":[{"embeddable":true,"href":"https:\/\/lacontracara.com\/index.php\/wp-json\/wp\/v2\/comments?post=13256"}],"version-history":[{"count":1,"href":"https:\/\/lacontracara.com\/index.php\/wp-json\/wp\/v2\/posts\/13256\/revisions"}],"predecessor-version":[{"id":13258,"href":"https:\/\/lacontracara.com\/index.php\/wp-json\/wp\/v2\/posts\/13256\/revisions\/13258"}],"wp:featuredmedia":[{"embeddable":true,"href":"https:\/\/lacontracara.com\/index.php\/wp-json\/wp\/v2\/media\/13262"}],"wp:attachment":[{"href":"https:\/\/lacontracara.com\/index.php\/wp-json\/wp\/v2\/media?parent=13256"}],"wp:term":[{"taxonomy":"category","embeddable":true,"href":"https:\/\/lacontracara.com\/index.php\/wp-json\/wp\/v2\/categories?post=13256"},{"taxonomy":"post_tag","embeddable":true,"href":"https:\/\/lacontracara.com\/index.php\/wp-json\/wp\/v2\/tags?post=13256"}],"curies":[{"name":"wp","href":"https:\/\/api.w.org\/{rel}","templated":true}]}}