{"id":13263,"date":"2022-04-04T16:27:03","date_gmt":"2022-04-04T19:27:03","guid":{"rendered":"https:\/\/lacontracara.com\/?p=13263"},"modified":"2022-04-04T16:27:05","modified_gmt":"2022-04-04T19:27:05","slug":"alberto-fernandez-destaco-que-la-argentina-y-chile-tienen-un-destino-en-comun","status":"publish","type":"post","link":"https:\/\/lacontracara.com\/index.php\/2022\/04\/04\/alberto-fernandez-destaco-que-la-argentina-y-chile-tienen-un-destino-en-comun\/","title":{"rendered":"Alberto Fern\u00e1ndez destac\u00f3 que la Argentina y Chile \u00abtienen un destino en com\u00fan\u00bb"},"content":{"rendered":"\n<p>El presidente Alberto Fern\u00e1ndez destac\u00f3 hoy que la Argentina y Chile tienen un \u00abdestino en com\u00fan\u00bb que debe \u00abcuidarse\u00bb, y llam\u00f3 a \u00abmodernizar pero con criterios de igualdad\u00bb, al encabezar junto a su par Gabriel Boric la firma de una serie de convenios en el Museo del Bicentenario de la Casa Rosada.<\/p>\n\n\n\n<p>\u00abChile y Argentina no tienen una cordillera que los divide, sino que los une, y eso debemos atenderlo de una vez y para siempre\u00bb, enfatiz\u00f3 Fern\u00e1ndez al brindar junto a Boric una declaraci\u00f3n conjunta a la prensa.<\/p>\n\n\n\n<p>En su mensaje, el mandatario convoc\u00f3 a su par chileno a \u00abmodernizar todo lo que haya que modernizar, pero con criterios de igualdad\u00bb.<\/p>\n\n\n\n<p>\u00abCrecer y desarrollarse son cosas distintas, y el desarrollo tiene que llegar a todos\u00bb, enfatiz\u00f3 Fern\u00e1ndez tras la firma de una serie de acuerdos bilaterales con el pa\u00eds vecino.<\/p>\n\n\n\n<p>Tambi\u00e9n abog\u00f3 por \u00abhacer realidad\u00bb el corredor interoce\u00e1nico entre la Argentina y Chile para \u00abconcretarlo lo m\u00e1s pronto posible\u00bb.<\/p>\n\n\n\n<p>De esa manera, dijo Fern\u00e1ndez, se estar\u00eda \u00abuniendo a Brasil con Chile y multiplicando nuestras capacidades comerciales\u00bb.<\/p>\n\n\n\n<p>Por su parte, Boric plante\u00f3 que la intenci\u00f3n de su administraci\u00f3n es \u00abprofundizar la relaci\u00f3n con el pueblo hermano de la Argentina\u00bb, y aclar\u00f3 adem\u00e1s que el objetivo es establecer relaciones \u00abtanto con el Gobierno como con la oposici\u00f3n\u00bb del sistema pol\u00edtico argentino.<\/p>\n\n\n\n<p>Adem\u00e1s, aclar\u00f3 que si bien en el \u00faltimo tiempo su pa\u00eds \u00abestuvo mirando en otras direcciones\u00bb, como el norte del continente y el Pac\u00edfico, la \u00abbase\u00bb de su Gobierno ser\u00e1 Am\u00e9rica Latina.<\/p>\n\n\n\n<p>\u00abMe parece importante replicar el esp\u00edritu de cooperaci\u00f3n a lo largo y ancho de todo nuestro territorio\u00bb, resalt\u00f3 el mandatario chileno.<\/p>\n\n\n\n<p>Por otro lado, Boric reiter\u00f3 su respaldo al \u00abreclamo justo, leg\u00edtimo y digno del pueblo y el Estado argentino\u00bb sobre la soberan\u00eda de las Islas Malvinas. \u00abPresidente, aqu\u00ed tiene a un aliado y a un c\u00f3mplice en esta batalla por la desigualdad\u00bb, expres\u00f3 el mandatario chileno al dirigirse a Fern\u00e1ndez.<\/p>\n\n\n\n<p>Fern\u00e1ndez y Boric mantuvieron una reuni\u00f3n bilateral en la Casa Rosada en la primera visita de Estado del mandatario del pa\u00eds vecino.<\/p>\n\n\n\n<p>Los mandatarios posaron para la tradicional foto oficial en la escalera Francia de Casa de Gobierno y luego encabezaron una reuni\u00f3n ampliada de ministros de ambas administraciones.<\/p>\n\n\n\n<p>Boric hab\u00eda iniciado su agenda oficial a las 9.30 con una visita al Monumento al Libertador General Jos\u00e9 de San Mart\u00edn, ubicado en la plaza que lleva el mismo nombre, frente a la Canciller\u00eda, donde deposit\u00f3 una ofrenda floral junto al ministro de Relaciones Exteriores, Santiago Cafiero.<\/p>\n\n\n\n<p><\/p>\n","protected":false},"excerpt":{"rendered":"<p>El presidente Alberto Fern\u00e1ndez destac\u00f3 hoy que la Argentina y Chile tienen un \u00abdestino en com\u00fan\u00bb que debe \u00abcuidarse\u00bb, y llam\u00f3 a \u00abmodernizar pero con criterios de igualdad\u00bb, al encabezar&#8230; <\/p>\n","protected":false},"author":4,"featured_media":13267,"comment_status":"open","ping_status":"open","sticky":false,"template":"","format":"standard","meta":{"footnotes":""},"categories":[20,18],"tags":[64,267,48],"class_list":["post-13263","post","type-post","status-publish","format-standard","has-post-thumbnail","hentry","category-nacionales","category-politica","tag-alberto-fernandez","tag-chile","tag-gabriel-boric"],"_links":{"self":[{"href":"https:\/\/lacontracara.com\/index.php\/wp-json\/wp\/v2\/posts\/13263","targetHints":{"allow":["GET"]}}],"collection":[{"href":"https:\/\/lacontracara.com\/index.php\/wp-json\/wp\/v2\/posts"}],"about":[{"href":"https:\/\/lacontracara.com\/index.php\/wp-json\/wp\/v2\/types\/post"}],"author":[{"embeddable":true,"href":"https:\/\/lacontracara.com\/index.php\/wp-json\/wp\/v2\/users\/4"}],"replies":[{"embeddable":true,"href":"https:\/\/lacontracara.com\/index.php\/wp-json\/wp\/v2\/comments?post=13263"}],"version-history":[{"count":1,"href":"https:\/\/lacontracara.com\/index.php\/wp-json\/wp\/v2\/posts\/13263\/revisions"}],"predecessor-version":[{"id":13268,"href":"https:\/\/lacontracara.com\/index.php\/wp-json\/wp\/v2\/posts\/13263\/revisions\/13268"}],"wp:featuredmedia":[{"embeddable":true,"href":"https:\/\/lacontracara.com\/index.php\/wp-json\/wp\/v2\/media\/13267"}],"wp:attachment":[{"href":"https:\/\/lacontracara.com\/index.php\/wp-json\/wp\/v2\/media?parent=13263"}],"wp:term":[{"taxonomy":"category","embeddable":true,"href":"https:\/\/lacontracara.com\/index.php\/wp-json\/wp\/v2\/categories?post=13263"},{"taxonomy":"post_tag","embeddable":true,"href":"https:\/\/lacontracara.com\/index.php\/wp-json\/wp\/v2\/tags?post=13263"}],"curies":[{"name":"wp","href":"https:\/\/api.w.org\/{rel}","templated":true}]}}