{"id":13272,"date":"2022-04-04T16:32:31","date_gmt":"2022-04-04T19:32:31","guid":{"rendered":"https:\/\/lacontracara.com\/?p=13272"},"modified":"2022-04-04T16:32:32","modified_gmt":"2022-04-04T19:32:32","slug":"juan-zabaleta-a-los-piqueteros-basta-de-apretar-a-los-argentinos","status":"publish","type":"post","link":"https:\/\/lacontracara.com\/index.php\/2022\/04\/04\/juan-zabaleta-a-los-piqueteros-basta-de-apretar-a-los-argentinos\/","title":{"rendered":"Juan Zabaleta a los piqueteros: \u201cBasta de apretar a los argentinos\u00bb"},"content":{"rendered":"\n<p>El Gobierno endurece su discurso frente a los piquetes y acampes masivos que se dieron la semana pasada y provocaron bloqueo de la avenida 9 de Julio. El ministro de Desarrollo Social, Juan Zabaleta, reiter\u00f3 que \u201cno hace falta cortar calles para hablar\u201d con \u00e9l.<\/p>\n\n\n\n<p>El ministro reafirm\u00f3 que sus oficinas est\u00e1n abiertas. \u00abNo hace falta cortar calles para hablar con el ministro\u00bb, dijo en di\u00e1logo con Radio Mitre.<\/p>\n\n\n\n<p>El ministro consider\u00f3 que lo que pasa con los cortes en la 9 de Julio \u00abes de laburantes contra laburantes\u00bb.<\/p>\n\n\n\n<p>\u00abEntendemos que hay derechos constitucionales y los respetamos, pero sentimos que lo que pas\u00f3 en la avenida 9 de julio es de laburantes contra laburantes, de aquellos que tienen que cortar el pelo o vender el cafe con aquellos que son beneficiarios de un salario social complementario que quieren mejorar su situaci\u00f3n\u00bb, sostuvo.<\/p>\n\n\n\n<p>Y agreg\u00f3: \u00abLos argentinos que transitan por la 9 de julio, taxistas, remiseros, los que van a bordo del Metrobus tienen derechos y los tenemos que garantizar. Hay que buscar otra forma de protesta\u00bb.<\/p>\n\n\n\n<p>\u00abBasta de apretar a los argentinos de esta forma. Los argentinos no se lo merecen porque est\u00e1 claro que hay un Gobierno que hace un esfuerzo enorme, que est\u00e1 saliendo de una situaci\u00f3n muy complicada con el acuerdo con el FMI\u00bb, afirm\u00f3.<\/p>\n\n\n\n<p>Zabaleta insisti\u00f3 que el objetivo del Gobierno es cambiar planes sociales por trabajo. \u00abQueremos fortalecer la economia popular, proponer recursos para comprar herramientas, materias primas, materiales, insumos\u00bb, dijo<\/p>\n\n\n\n<p>El ministro reconoci\u00f3 que el pa\u00eds \u00abvive momentos cr\u00edticos y hay que transformar eso en oportunidad\u00bb. En este sentido, sostuvo que desde el Gobierno plantean \u00abcambios estructurales en el marco de las pol\u00edticas sociales, y uno es generar programas que vinculen a beneficiarios de la asistencia del Estado con el empleo formal\u00bb.<\/p>\n\n\n\n<p>\u00abVamos a dar la discusi\u00f3n en una mesa de di\u00e1logo con las iglesias, los municipios, los gobiernos provinciales. Es una gesti\u00f3n que en este momento critico quiere generar empleo formal\u00bb, sostuvo. Y resalt\u00f3 que todav\u00eda \u00abhay 17 millones de personas que necesitan un trabajo\u00bb.<\/p>\n\n\n\n<p>Tras las cr\u00edticas, sostuvo que \u00ablas organizaciones sociales tienen que ser parte de la reconstrucci\u00f3n de la Argentina y la enorme mayor\u00eda est\u00e1 en ese camino\u00bb. \u00abA los que piden trabajo formal, nosotros vamos a tener una propuesta\u00bb, sostuvo Zabaleta.<\/p>\n\n\n\n<p><\/p>\n","protected":false},"excerpt":{"rendered":"<p>El Gobierno endurece su discurso frente a los piquetes y acampes masivos que se dieron la semana pasada y provocaron bloqueo de la avenida 9 de Julio. El ministro de&#8230; <\/p>\n","protected":false},"author":4,"featured_media":13275,"comment_status":"open","ping_status":"open","sticky":false,"template":"","format":"standard","meta":{"footnotes":""},"categories":[20,18],"tags":[1034,1689,1735],"class_list":["post-13272","post","type-post","status-publish","format-standard","has-post-thumbnail","hentry","category-nacionales","category-politica","tag-juan-zabaleta","tag-piqueteros","tag-planes-sociales"],"_links":{"self":[{"href":"https:\/\/lacontracara.com\/index.php\/wp-json\/wp\/v2\/posts\/13272","targetHints":{"allow":["GET"]}}],"collection":[{"href":"https:\/\/lacontracara.com\/index.php\/wp-json\/wp\/v2\/posts"}],"about":[{"href":"https:\/\/lacontracara.com\/index.php\/wp-json\/wp\/v2\/types\/post"}],"author":[{"embeddable":true,"href":"https:\/\/lacontracara.com\/index.php\/wp-json\/wp\/v2\/users\/4"}],"replies":[{"embeddable":true,"href":"https:\/\/lacontracara.com\/index.php\/wp-json\/wp\/v2\/comments?post=13272"}],"version-history":[{"count":1,"href":"https:\/\/lacontracara.com\/index.php\/wp-json\/wp\/v2\/posts\/13272\/revisions"}],"predecessor-version":[{"id":13276,"href":"https:\/\/lacontracara.com\/index.php\/wp-json\/wp\/v2\/posts\/13272\/revisions\/13276"}],"wp:featuredmedia":[{"embeddable":true,"href":"https:\/\/lacontracara.com\/index.php\/wp-json\/wp\/v2\/media\/13275"}],"wp:attachment":[{"href":"https:\/\/lacontracara.com\/index.php\/wp-json\/wp\/v2\/media?parent=13272"}],"wp:term":[{"taxonomy":"category","embeddable":true,"href":"https:\/\/lacontracara.com\/index.php\/wp-json\/wp\/v2\/categories?post=13272"},{"taxonomy":"post_tag","embeddable":true,"href":"https:\/\/lacontracara.com\/index.php\/wp-json\/wp\/v2\/tags?post=13272"}],"curies":[{"name":"wp","href":"https:\/\/api.w.org\/{rel}","templated":true}]}}