{"id":13303,"date":"2022-04-04T17:00:38","date_gmt":"2022-04-04T20:00:38","guid":{"rendered":"https:\/\/lacontracara.com\/?p=13303"},"modified":"2022-04-04T17:00:40","modified_gmt":"2022-04-04T20:00:40","slug":"norte-salteno-anuncian-un-nuevo-acueducto-entre-tartagal-y-general-mosconi","status":"publish","type":"post","link":"https:\/\/lacontracara.com\/index.php\/2022\/04\/04\/norte-salteno-anuncian-un-nuevo-acueducto-entre-tartagal-y-general-mosconi\/","title":{"rendered":"Norte salte\u00f1o | Anuncian un nuevo acueducto entre Tartagal y General Mosconi"},"content":{"rendered":"\n<p>El Gobierno de la Provincia construir\u00e1 un nuevo acueducto entre Tartagal y General Mosconi, en el departamento San Mart\u00edn. Se realiz\u00f3 la apertura de sobres licitatorios con un presupuesto oficial de $203 millones y un plazo de ejecuci\u00f3n de 240 d\u00edas.<\/p>\n\n\n\n<p>Desde la Secretar\u00eda de Obras P\u00fablicas informaron que el objetivo del proyecto es optimizar el servicio de agua potable en la localidad de General Mosconi, beneficiando a 20.250 habitantes aproximadamente.<\/p>\n\n\n\n<p>El nuevo acueducto tendr\u00e1 una longitud de 11,7 kil\u00f3metros para conducir los caudales desde la nueva planta potabilizadora de Tartagal hasta la cisterna Las Lomitas, localizada en General Mosconi.<\/p>\n\n\n\n<p>Esto permitir\u00e1 llevar un caudal m\u00e1ximo de 220 metros c\u00fabicos hora, que complementar\u00e1 los 120 m3\/h que llegan desde el sistema Itiyuro y permitir\u00e1n mantener la cisterna con un nivel de agua adecuado para no realizar turnos.<\/p>\n\n\n\n<p><\/p>\n","protected":false},"excerpt":{"rendered":"<p>El Gobierno de la Provincia construir\u00e1 un nuevo acueducto entre Tartagal y General Mosconi, en el departamento San Mart\u00edn. Se realiz\u00f3 la apertura de sobres licitatorios con un presupuesto oficial&#8230; <\/p>\n","protected":false},"author":4,"featured_media":13306,"comment_status":"open","ping_status":"open","sticky":false,"template":"","format":"standard","meta":{"footnotes":""},"categories":[42,22],"tags":[1430,2360,35],"class_list":["post-13303","post","type-post","status-publish","format-standard","has-post-thumbnail","hentry","category-salta","category-sociedad","tag-acuerdo","tag-general-mosconi","tag-salta"],"_links":{"self":[{"href":"https:\/\/lacontracara.com\/index.php\/wp-json\/wp\/v2\/posts\/13303","targetHints":{"allow":["GET"]}}],"collection":[{"href":"https:\/\/lacontracara.com\/index.php\/wp-json\/wp\/v2\/posts"}],"about":[{"href":"https:\/\/lacontracara.com\/index.php\/wp-json\/wp\/v2\/types\/post"}],"author":[{"embeddable":true,"href":"https:\/\/lacontracara.com\/index.php\/wp-json\/wp\/v2\/users\/4"}],"replies":[{"embeddable":true,"href":"https:\/\/lacontracara.com\/index.php\/wp-json\/wp\/v2\/comments?post=13303"}],"version-history":[{"count":1,"href":"https:\/\/lacontracara.com\/index.php\/wp-json\/wp\/v2\/posts\/13303\/revisions"}],"predecessor-version":[{"id":13307,"href":"https:\/\/lacontracara.com\/index.php\/wp-json\/wp\/v2\/posts\/13303\/revisions\/13307"}],"wp:featuredmedia":[{"embeddable":true,"href":"https:\/\/lacontracara.com\/index.php\/wp-json\/wp\/v2\/media\/13306"}],"wp:attachment":[{"href":"https:\/\/lacontracara.com\/index.php\/wp-json\/wp\/v2\/media?parent=13303"}],"wp:term":[{"taxonomy":"category","embeddable":true,"href":"https:\/\/lacontracara.com\/index.php\/wp-json\/wp\/v2\/categories?post=13303"},{"taxonomy":"post_tag","embeddable":true,"href":"https:\/\/lacontracara.com\/index.php\/wp-json\/wp\/v2\/tags?post=13303"}],"curies":[{"name":"wp","href":"https:\/\/api.w.org\/{rel}","templated":true}]}}