{"id":13309,"date":"2022-04-04T17:05:05","date_gmt":"2022-04-04T20:05:05","guid":{"rendered":"https:\/\/lacontracara.com\/?p=13309"},"modified":"2022-04-04T17:05:16","modified_gmt":"2022-04-04T20:05:16","slug":"vaqueros-vecinos-de-la-costanera-del-wierna-temen-perder-sus-hogares","status":"publish","type":"post","link":"https:\/\/lacontracara.com\/index.php\/2022\/04\/04\/vaqueros-vecinos-de-la-costanera-del-wierna-temen-perder-sus-hogares\/","title":{"rendered":"Vaqueros | Vecinos de la costanera del Wierna temen perder sus hogares"},"content":{"rendered":"\n<p>Son alrededor de 25 familias que viven en la costanera del Wierna y temen por el futuro de sus casas. En los d\u00edas pasados se manifestaron pues entienden que pronto iniciar\u00e1n las obras para el nuevo puente y la circunvalaci\u00f3n que ya fueron licitadas. Se\u00f1alaron a la prensa que desconocen si les expropiar\u00e1n las tierras donde residen desde hace m\u00e1s de 20 a\u00f1os.<\/p>\n\n\n\n<p>Adem\u00e1s, indicaron que ya elevaron notas con esta misma preocupaci\u00f3n a la Direcci\u00f3n Provincial de Vialidad, a Vialidad Nacional, a la Direcci\u00f3n de Inmuebles, al Ministerio de Infraestructura y al municipio de Vaqueros. Hasta ahora no recibieron respuesta alguna y su incertidumbre crece.<\/p>\n\n\n\n<p>Mariela Maza, una de las vecinas afectadas, cont\u00f3 a Nuevo Diario: \u201cNos enteramos hace un mes aproximadamente que la nueva autopista pasa por arriba de nuestras casas. Si bien hay vecinos que tienen boletos de compra y venta, otros no lo tenemos\u201d.<\/p>\n\n\n\n<p>\u00abNos manifestamos porque vimos a gente que dec\u00eda que era de Vialidad tomado fotos de cada casa y que estaban haciendo un relevamiento para ver la reubicaci\u00f3n de cada uno. Nunca nos lleg\u00f3 ninguna notificaci\u00f3n\u00bb, dijo.<\/p>\n\n\n\n<p>La obra<\/p>\n\n\n\n<p>A fines de febrero, el gobernador Gustavo S\u00e1enz particip\u00f3 de la apertura de sobres de la obra que tiene un presupuesto oficial superior a $1.341 millones e iniciar\u00e1 en los pr\u00f3ximos meses.<\/p>\n\n\n\n<p>Se prev\u00e9 la construcci\u00f3n de una carretera de 4 kil\u00f3metros con 4 carriles desde la llamada \u201cRotonda del Quirquincho\u201d hasta el puente del r\u00edo Wierna, en el kil\u00f3metro 1.612 de la ruta nacional 9.<\/p>\n\n\n\n<p><\/p>\n","protected":false},"excerpt":{"rendered":"<p>Son alrededor de 25 familias que viven en la costanera del Wierna y temen por el futuro de sus casas. En los d\u00edas pasados se manifestaron pues entienden que pronto&#8230; <\/p>\n","protected":false},"author":4,"featured_media":13312,"comment_status":"open","ping_status":"open","sticky":false,"template":"","format":"standard","meta":{"footnotes":""},"categories":[42,22],"tags":[2362,35,309],"class_list":["post-13309","post","type-post","status-publish","format-standard","has-post-thumbnail","hentry","category-salta","category-sociedad","tag-ruta-9","tag-salta","tag-vaqueros"],"_links":{"self":[{"href":"https:\/\/lacontracara.com\/index.php\/wp-json\/wp\/v2\/posts\/13309","targetHints":{"allow":["GET"]}}],"collection":[{"href":"https:\/\/lacontracara.com\/index.php\/wp-json\/wp\/v2\/posts"}],"about":[{"href":"https:\/\/lacontracara.com\/index.php\/wp-json\/wp\/v2\/types\/post"}],"author":[{"embeddable":true,"href":"https:\/\/lacontracara.com\/index.php\/wp-json\/wp\/v2\/users\/4"}],"replies":[{"embeddable":true,"href":"https:\/\/lacontracara.com\/index.php\/wp-json\/wp\/v2\/comments?post=13309"}],"version-history":[{"count":1,"href":"https:\/\/lacontracara.com\/index.php\/wp-json\/wp\/v2\/posts\/13309\/revisions"}],"predecessor-version":[{"id":13313,"href":"https:\/\/lacontracara.com\/index.php\/wp-json\/wp\/v2\/posts\/13309\/revisions\/13313"}],"wp:featuredmedia":[{"embeddable":true,"href":"https:\/\/lacontracara.com\/index.php\/wp-json\/wp\/v2\/media\/13312"}],"wp:attachment":[{"href":"https:\/\/lacontracara.com\/index.php\/wp-json\/wp\/v2\/media?parent=13309"}],"wp:term":[{"taxonomy":"category","embeddable":true,"href":"https:\/\/lacontracara.com\/index.php\/wp-json\/wp\/v2\/categories?post=13309"},{"taxonomy":"post_tag","embeddable":true,"href":"https:\/\/lacontracara.com\/index.php\/wp-json\/wp\/v2\/tags?post=13309"}],"curies":[{"name":"wp","href":"https:\/\/api.w.org\/{rel}","templated":true}]}}