{"id":13316,"date":"2022-04-04T17:10:45","date_gmt":"2022-04-04T20:10:45","guid":{"rendered":"https:\/\/lacontracara.com\/?p=13316"},"modified":"2022-04-04T17:10:47","modified_gmt":"2022-04-04T20:10:47","slug":"efecto-trump-se-desploma-en-wall-street-la-firma-que-se-fusionara-con-su-red-social","status":"publish","type":"post","link":"https:\/\/lacontracara.com\/index.php\/2022\/04\/04\/efecto-trump-se-desploma-en-wall-street-la-firma-que-se-fusionara-con-su-red-social\/","title":{"rendered":"Efecto Trump: se desploma en Wall Street la firma que se fusionar\u00e1 con su red social"},"content":{"rendered":"\n<p>La firma con la que se fusionar\u00e1 la empresa del expresidente estadounidense Donald Trump dedicada a los medios de comunicaci\u00f3n para cotizar en bolsa, ca\u00eda fuertemente el lunes en Wall Street, luego de que la agencia Reuters anunciara la partida de dos de los principales directivos de Truth Social.<\/p>\n\n\n\n<p>Digital World Acquisition Corp, que se fusionar\u00e1 con Trump Media &amp; Technology Group (TMTG), el grupo de medios del exmandatario republicano, ca\u00eda 11,46% a 56 d\u00f3lares.<\/p>\n\n\n\n<p>Seg\u00fan la agencia, el director t\u00e9cnico Josh Adams y el responsable de desarrollo de productos Billy Boozer, presentaron su renuncia, apenas un mes despu\u00e9s del lanzamiento de Truth Social, el 21 de febrero.<\/p>\n\n\n\n<p>Consultada por la AFP, TMTG no se pronunci\u00f3.<\/p>\n\n\n\n<p>Se trata de un golpe duro para la plataforma del expresidente, luego de que los inicios del proyecto se vieran afectados por problemas t\u00e9cnicos que impidieron que miles de internautas accedieran a la aplicaci\u00f3n.<\/p>\n\n\n\n<p>Seg\u00fan el sitio Statista, luego de 100.000 descargas diarias en los cuatro d\u00edas posteriores a su lanzamiento, Truth Social pas\u00f3 r\u00e1pidamente, a inicios de marzo, a menos de 20.000.<\/p>\n\n\n\n<p>Seg\u00fan la firma de an\u00e1lisis de datos Sensor Tower, la aplicaci\u00f3n fue descargada unos 1,2 millones de veces.<\/p>\n\n\n\n<p>Donald Trump tiene 836.000 seguidores en Truth Social, frente a 88 millones en Twitter en enero de 2021, antes de que la red del p\u00e1jaro azul suspendiera su cuenta.<\/p>\n\n\n\n<p>TMTG se asoci\u00f3 a un firma que ya cotiza en bolsa, Digital World Acquisition Corp, para reunir 293 millones de d\u00f3lares en setiembre en Wall Street. La fusi\u00f3n a\u00fan no termin\u00f3.<\/p>\n\n\n\n<p><\/p>\n","protected":false},"excerpt":{"rendered":"<p>La firma con la que se fusionar\u00e1 la empresa del expresidente estadounidense Donald Trump dedicada a los medios de comunicaci\u00f3n para cotizar en bolsa, ca\u00eda fuertemente el lunes en Wall&#8230; <\/p>\n","protected":false},"author":4,"featured_media":13319,"comment_status":"open","ping_status":"open","sticky":false,"template":"","format":"standard","meta":{"footnotes":""},"categories":[37,26],"tags":[1151,2364,2363],"class_list":["post-13316","post","type-post","status-publish","format-standard","has-post-thumbnail","hentry","category-dengue","category-internacionales","tag-donald-trump","tag-medios","tag-wall-street"],"_links":{"self":[{"href":"https:\/\/lacontracara.com\/index.php\/wp-json\/wp\/v2\/posts\/13316","targetHints":{"allow":["GET"]}}],"collection":[{"href":"https:\/\/lacontracara.com\/index.php\/wp-json\/wp\/v2\/posts"}],"about":[{"href":"https:\/\/lacontracara.com\/index.php\/wp-json\/wp\/v2\/types\/post"}],"author":[{"embeddable":true,"href":"https:\/\/lacontracara.com\/index.php\/wp-json\/wp\/v2\/users\/4"}],"replies":[{"embeddable":true,"href":"https:\/\/lacontracara.com\/index.php\/wp-json\/wp\/v2\/comments?post=13316"}],"version-history":[{"count":1,"href":"https:\/\/lacontracara.com\/index.php\/wp-json\/wp\/v2\/posts\/13316\/revisions"}],"predecessor-version":[{"id":13320,"href":"https:\/\/lacontracara.com\/index.php\/wp-json\/wp\/v2\/posts\/13316\/revisions\/13320"}],"wp:featuredmedia":[{"embeddable":true,"href":"https:\/\/lacontracara.com\/index.php\/wp-json\/wp\/v2\/media\/13319"}],"wp:attachment":[{"href":"https:\/\/lacontracara.com\/index.php\/wp-json\/wp\/v2\/media?parent=13316"}],"wp:term":[{"taxonomy":"category","embeddable":true,"href":"https:\/\/lacontracara.com\/index.php\/wp-json\/wp\/v2\/categories?post=13316"},{"taxonomy":"post_tag","embeddable":true,"href":"https:\/\/lacontracara.com\/index.php\/wp-json\/wp\/v2\/tags?post=13316"}],"curies":[{"name":"wp","href":"https:\/\/api.w.org\/{rel}","templated":true}]}}