{"id":13331,"date":"2022-04-04T17:18:50","date_gmt":"2022-04-04T20:18:50","guid":{"rendered":"https:\/\/lacontracara.com\/?p=13331"},"modified":"2022-04-04T17:18:52","modified_gmt":"2022-04-04T20:18:52","slug":"bolsonaro-no-logra-conseguir-directivos-para-petrobras","status":"publish","type":"post","link":"https:\/\/lacontracara.com\/index.php\/2022\/04\/04\/bolsonaro-no-logra-conseguir-directivos-para-petrobras\/","title":{"rendered":"Bolsonaro no logra conseguir directivos para Petrobras"},"content":{"rendered":"\n<p>Los dos candidatos propuestos por el presidente de Brasil, Jair Bolsonaro, para ocupar los principales cargos de la estatal Petrobras renunciaron despu\u00e9s de que se alertara del conflicto de intereses que ambos tendr\u00edan en caso de ocupar el cargo.<\/p>\n\n\n\n<p>El \u00faltimo de ellos fue el economista y consultor Adriano Pires, quien comunic\u00f3 este lunes al Palacio del Planalto que desiste de ocupar la presidencia de Petrobras, para la cual hab\u00eda sido elegido la semana pasada en sustituci\u00f3n del general Joaquim da Silva e Luna, adelant\u00f3 el diario O Globo.<\/p>\n\n\n\n<p>Los motivos que puso sobre la mesa Pires son los conflictos de intereses que habr\u00eda, mismas razones expuestas el domingo por Rodolfo Landim para no aceptar la jefatura del consejo de administraci\u00f3n de la petrolera estatal.<\/p>\n\n\n\n<p>Entre los clientes de Pires est\u00e1 Carlos Su\u00e1rez, empresario y socio de compa\u00f1\u00edas distribuidoras de gas, y amigo durante d\u00e9cadas de Landim, quien justific\u00f3 su decisi\u00f3n de no aceptar la invitaci\u00f3n del Gobierno para concentrar todos sus esfuerzos en el Flamengo, equipo de f\u00fatbol brasile\u00f1o.<\/p>\n\n\n\n<p>Adem\u00e1s de proximidad con varias empresas del sector petrol\u00edfero y gas\u00edstico, Landim tambi\u00e9n apareci\u00f3 en algunas investigaciones por corrupci\u00f3n relacionadas con la medi\u00e1tica y casi infinita operaci\u00f3n Lava Jato, con ramificaciones m\u00e1s all\u00e1 del Estado brasile\u00f1o.<\/p>\n\n\n\n<p>Antes de tomar una decisi\u00f3n, el nombramiento de Pires ya hab\u00eda sido cuestionado por la Fiscal\u00eda y el Tribunal de Cuentas precisamente por este conflicto de intereses debido a su intensa actividad como consultor de varias empresas del sector, por lo que pidi\u00f3 que no presidiera Petrobras antes de tener que llevar a cabo una investigaci\u00f3n m\u00e1s intensa una vez asumiera el cargo.<\/p>\n\n\n\n<p>Estaba previsto que el Consejo de Administraci\u00f3n de Petrobras se reuniese el pr\u00f3ximo martes 13 de abril para elegir qui\u00e9n ser\u00eda el nuevo presidente de la estatal. Ambos, seg\u00fan informes internos, tendr\u00eda dificultades para superar los criterios del comit\u00e9.<\/p>\n\n\n\n<p>A mediados de marzo, Petrobras anunci\u00f3 un aumento del 18,77% del precio de la nafta, del 24,9% del gas\u00f3leo y del 16,1% del propano y el butano, despu\u00e9s de dos meses sin subir los precios. Una decisi\u00f3n que fue ampliamente atacada por el presidente Bolsonaro.<\/p>\n\n\n\n<p>Desde 2017, Petrobras mantiene una pol\u00edtica en l\u00ednea con los valores internacionales para fijar los precios de los combustibles, a pesar de que Brasil sea uno de los grandes productores de algunas de estas materias primas.<\/p>\n","protected":false},"excerpt":{"rendered":"<p>Los dos candidatos propuestos por el presidente de Brasil, Jair Bolsonaro, para ocupar los principales cargos de la estatal Petrobras renunciaron despu\u00e9s de que se alertara del conflicto de intereses&#8230; <\/p>\n","protected":false},"author":4,"featured_media":13334,"comment_status":"open","ping_status":"open","sticky":false,"template":"","format":"standard","meta":{"footnotes":""},"categories":[26],"tags":[605,102],"class_list":["post-13331","post","type-post","status-publish","format-standard","has-post-thumbnail","hentry","category-internacionales","tag-brasil","tag-jair-bolsonaro"],"_links":{"self":[{"href":"https:\/\/lacontracara.com\/index.php\/wp-json\/wp\/v2\/posts\/13331","targetHints":{"allow":["GET"]}}],"collection":[{"href":"https:\/\/lacontracara.com\/index.php\/wp-json\/wp\/v2\/posts"}],"about":[{"href":"https:\/\/lacontracara.com\/index.php\/wp-json\/wp\/v2\/types\/post"}],"author":[{"embeddable":true,"href":"https:\/\/lacontracara.com\/index.php\/wp-json\/wp\/v2\/users\/4"}],"replies":[{"embeddable":true,"href":"https:\/\/lacontracara.com\/index.php\/wp-json\/wp\/v2\/comments?post=13331"}],"version-history":[{"count":1,"href":"https:\/\/lacontracara.com\/index.php\/wp-json\/wp\/v2\/posts\/13331\/revisions"}],"predecessor-version":[{"id":13335,"href":"https:\/\/lacontracara.com\/index.php\/wp-json\/wp\/v2\/posts\/13331\/revisions\/13335"}],"wp:featuredmedia":[{"embeddable":true,"href":"https:\/\/lacontracara.com\/index.php\/wp-json\/wp\/v2\/media\/13334"}],"wp:attachment":[{"href":"https:\/\/lacontracara.com\/index.php\/wp-json\/wp\/v2\/media?parent=13331"}],"wp:term":[{"taxonomy":"category","embeddable":true,"href":"https:\/\/lacontracara.com\/index.php\/wp-json\/wp\/v2\/categories?post=13331"},{"taxonomy":"post_tag","embeddable":true,"href":"https:\/\/lacontracara.com\/index.php\/wp-json\/wp\/v2\/tags?post=13331"}],"curies":[{"name":"wp","href":"https:\/\/api.w.org\/{rel}","templated":true}]}}