{"id":13796,"date":"2022-04-13T10:27:39","date_gmt":"2022-04-13T13:27:39","guid":{"rendered":"https:\/\/lacontracara.com\/?p=13796"},"modified":"2022-04-13T10:27:41","modified_gmt":"2022-04-13T13:27:41","slug":"hugo-moyano-reclamo-un-incremento-de-20-000-pesos-al-basico-de-sus-afiliados","status":"publish","type":"post","link":"https:\/\/lacontracara.com\/index.php\/2022\/04\/13\/hugo-moyano-reclamo-un-incremento-de-20-000-pesos-al-basico-de-sus-afiliados\/","title":{"rendered":"Hugo Moyano reclam\u00f3 un incremento de 20.000 pesos al b\u00e1sico de sus afiliados"},"content":{"rendered":"\n<p>La Federaci\u00f3n de Choferes de Camiones no se resigna a que sus afiliados pierdan poder adquisitivo frente a la inflaci\u00f3n. Mientras el gobierno adelanta paritarias, una medida con gusto a poco en momentos de constantes remarcaciones de precios, el sindicato que encabezan Hugo y Pablo Moyano reclam\u00f3 a las c\u00e1maras empresarias que antes de iniciar la negociaci\u00f3n por el futuro acuerdo incorpore al salario b\u00e1sico del sector la suma de 20.000 pesos que el Congreso acord\u00f3 la semana pasada para los trabajadores legislativos. \u201cAl menos para procurar equiparar lo que ya se llev\u00f3 la inflaci\u00f3n\u201d, aclar\u00f3 Hugo Moyano a FM La Patriada. La incipiente ronda de negociaciones entre sindicatos y c\u00e1maras tuvo su primer hito el lunes cuando el gremio del vestido (Foiva) acord\u00f3 un aumento del 53,4 por ciento en dos tramos, m\u00e1s una gratificaci\u00f3n extraordinaria equivalente al 7 por ciento de los b\u00e1sicos, para volver a revisar el acuerdo en octubre.<\/p>\n\n\n\n<p>La Federaci\u00f3n de Camioneros, demonizada por los medios hegem\u00f3nicos por cuidar el bolsillo de sus afiliados, envi\u00f3 a las c\u00e1maras del sector una nota en la que reclama \u201cs\u00f3lo para el per\u00edodo comprendido hasta el 30 de junio de 2022\u201d \u2013es decir cuando vence su actual paritaria\u2013 \u201cun incremento de 20.000 pesos aplicable al b\u00e1sico de chofer\u201d.<\/p>\n\n\n\n<p>\u201cComo es de p\u00fablico conocimiento, la realidad inflacionaria que viene sufriendo nuestro pa\u00eds, la crisis generada por la pandemia y los actuales conflictos internacionales han hecho del trabajador la mayor variable de ajuste, ya que los costos de vida y alimentos han crecido desmedidamente el \u00faltimo a\u00f1o\u201d, destac\u00f3 Hugo Moyano, a modo de fundamentaci\u00f3n.<\/p>\n\n\n\n<p>Tras pedir la extensi\u00f3n del proporcional de esos 20.000 pesos al resto de los \u00edtems y categor\u00edas del convenio, apunta que el reclamo es \u201cen consonancia con los par\u00e1metros acordados para los trabajadores del Poder Legislativo\u201d, en alusi\u00f3n a la suma otorgada al personal del Congreso por los presidentes del Senado, Cristina Fern\u00e1ndez de Kirchner, y de Diputados, Sergio Massa. Ese acuerdo con la Asociaci\u00f3n del Personal Legislativo (APL) regir\u00e1 desde este mes y signific\u00f3 \u201cel cierre de la paritaria 2021\u201d, se\u00f1al\u00f3 su secretario Norberto Di Pr\u00f3spero.<\/p>\n\n\n\n<p>Camioneros hab\u00eda cerrado 2021 con un aumento del 45 por ciento, al que agreg\u00f3 luego un bono de 48.000 pesos en cuatro cuotas, que todav\u00eda se est\u00e1n efectivizando. Si bien el futuro acuerdo deb\u00eda comenzar a negociarse en junio, el Ministerio de Trabajo convoc\u00f3 a las partes para el 21 de abril en el marco del anticipo formal de paritarias.<\/p>\n\n\n\n<p>La Federaci\u00f3n Obrera de la Industria del Vestido y Afines (Foiva), por su parte, acord\u00f3 con la c\u00e1mara de esa actividad un aumento del 53,4 por ciento en dos tramos y el pago de una gratificaci\u00f3n extraordinaria equivalente al 7 por ciento del ingreso b\u00e1sico. Sindicalistas y empresarios convinieron de forma privada la paritaria del a\u00f1o, que se traducir\u00e1 para los trabajadores del vestido en una mejora del 30 por ciento entre abril y junio, y otro del 23,4% entre julio y octubre, cuando retomar\u00e1n el di\u00e1logo para revisar el acuerdo seg\u00fan cu\u00e1l sea el \u00edndice de inflaci\u00f3n acumulada.<\/p>\n\n\n\n<p><\/p>\n","protected":false},"excerpt":{"rendered":"<p>La Federaci\u00f3n de Choferes de Camiones no se resigna a que sus afiliados pierdan poder adquisitivo frente a la inflaci\u00f3n. Mientras el gobierno adelanta paritarias, una medida con gusto a&#8230; <\/p>\n","protected":false},"author":4,"featured_media":13799,"comment_status":"open","ping_status":"open","sticky":false,"template":"","format":"standard","meta":{"footnotes":""},"categories":[20],"tags":[249,2433,2432,282],"class_list":["post-13796","post","type-post","status-publish","format-standard","has-post-thumbnail","hentry","category-nacionales","tag-argentina","tag-el-sindicato-de-camioneros","tag-hugo-moyano","tag-inflacion"],"_links":{"self":[{"href":"https:\/\/lacontracara.com\/index.php\/wp-json\/wp\/v2\/posts\/13796","targetHints":{"allow":["GET"]}}],"collection":[{"href":"https:\/\/lacontracara.com\/index.php\/wp-json\/wp\/v2\/posts"}],"about":[{"href":"https:\/\/lacontracara.com\/index.php\/wp-json\/wp\/v2\/types\/post"}],"author":[{"embeddable":true,"href":"https:\/\/lacontracara.com\/index.php\/wp-json\/wp\/v2\/users\/4"}],"replies":[{"embeddable":true,"href":"https:\/\/lacontracara.com\/index.php\/wp-json\/wp\/v2\/comments?post=13796"}],"version-history":[{"count":1,"href":"https:\/\/lacontracara.com\/index.php\/wp-json\/wp\/v2\/posts\/13796\/revisions"}],"predecessor-version":[{"id":13800,"href":"https:\/\/lacontracara.com\/index.php\/wp-json\/wp\/v2\/posts\/13796\/revisions\/13800"}],"wp:featuredmedia":[{"embeddable":true,"href":"https:\/\/lacontracara.com\/index.php\/wp-json\/wp\/v2\/media\/13799"}],"wp:attachment":[{"href":"https:\/\/lacontracara.com\/index.php\/wp-json\/wp\/v2\/media?parent=13796"}],"wp:term":[{"taxonomy":"category","embeddable":true,"href":"https:\/\/lacontracara.com\/index.php\/wp-json\/wp\/v2\/categories?post=13796"},{"taxonomy":"post_tag","embeddable":true,"href":"https:\/\/lacontracara.com\/index.php\/wp-json\/wp\/v2\/tags?post=13796"}],"curies":[{"name":"wp","href":"https:\/\/api.w.org\/{rel}","templated":true}]}}