{"id":14487,"date":"2022-04-21T20:56:06","date_gmt":"2022-04-21T23:56:06","guid":{"rendered":"https:\/\/lacontracara.com\/?p=14487"},"modified":"2022-04-21T20:56:08","modified_gmt":"2022-04-21T23:56:08","slug":"edgardo-esteban-recuperar-esto-es-empezar-a-armar-un-rompecabezas","status":"publish","type":"post","link":"https:\/\/lacontracara.com\/index.php\/2022\/04\/21\/edgardo-esteban-recuperar-esto-es-empezar-a-armar-un-rompecabezas\/","title":{"rendered":"Edgardo Esteban:\u00a0\u201cRecuperar esto es empezar a armar un rompecabezas\u00bb"},"content":{"rendered":"\n<p>El mejor trofeo es recuperar la identidad.\u00a0<strong>Edgardo Esteban<\/strong>\u00a0mostraba la\u00a0c\u00e9dula de identidad\u00a0de ese chico flaquito con cara de enojado ante las Madres de Plaza de Mayo, veteranos de guerra, familiares y amigos. Lloraba el excombatiente y actual director del\u00a0<strong>Museo Malvinas<\/strong>\u00a0por el reencuentro con ese\u00a0<strong>documento y las 44 fotograf\u00edas<\/strong>\u00a0que fueron robados a los soldados argentinos en la rendici\u00f3n de la guerra, hace cuarenta a\u00f1os.\u00a0<strong>\u201cMalvinas tiene que estar por encima de las grietas, tiene que ser una cuesti\u00f3n de Estado\u201d<\/strong>, afirm\u00f3 Esteban durante el emotivo acto de restituci\u00f3n que se realiz\u00f3 en el Palacio San Mart\u00edn de la Canciller\u00eda.<\/p>\n\n\n\n<h2 class=\"wp-block-heading\" id=\"la-persistencia\"><strong>La persistencia<\/strong><\/h2>\n\n\n\n<p>El embajador argentino en el Reino Unido,&nbsp;<strong>Javier Figueroa<\/strong>, le entreg\u00f3 la c\u00e9dula y las fotograf\u00edas a Esteban en un acto en el que tambi\u00e9n participaron el secretario de Malvinas, Ant\u00e1rtida e Islas del Atl\u00e1ntico Sur,&nbsp;<strong>Guillermo Carmona<\/strong>; el ministro de Cultura de la Naci\u00f3n,&nbsp;<strong>Trist\u00e1n Bauer<\/strong>; el ministro de Ciencia, Tecnolog\u00eda e Innovaci\u00f3n,&nbsp;<strong>Daniel Filmus<\/strong>; la periodista e historiadora&nbsp;<strong>Alicia Panero<\/strong>&nbsp;y el abogado&nbsp;<strong>Federico Cincotta<\/strong>. \u201cNo se trata de recuperar objetos perdidos, ac\u00e1 estamos ante la recuperaci\u00f3n de objetos que fueron ilegalmente apropiados. Se trata de un aspecto muy sensible y particular que tiene que ver con la identidad de las personas, como en este caso la c\u00e9dula militar de Edgardo\u201d, destac\u00f3 Carmona y dese\u00f3 que esta restituci\u00f3n \u201csea&nbsp;<strong>una met\u00e1fora de la recuperaci\u00f3n de otras cosas que han sido ileg\u00edtimamente apropiadas<\/strong>\u201d, en alusi\u00f3n a las islas Malvinas, esa parte del territorio nacional usurpado por una potencia extranjera hace 189 a\u00f1os. \u201cEdgardo representa ese ejemplo de persistencia ante las reticencias y el compromiso de conseguir altos objetivos que parecen inalcanzables, pero que la realidad demuestra que se pueden alcanzar\u201d, agreg\u00f3 Carmona.<\/p>\n\n\n\n<p>En julio de 2020, la historiadora y periodista cordobesa Alicia Panero le comunic\u00f3 a Esteban que su c\u00e9dula de soldado y un lote de fotograf\u00edas hab\u00edan sido subastados en la plataforma de comercio eBay, en Londres, como&nbsp;<strong>\u201ctrofeos de guerra\u201d<\/strong>. Los objetos hab\u00edan sido sustra\u00eddos mientras se encontraba prisionero y embarcado en el buque brit\u00e1nico Canberra en 1982. El embajador argentino en el Reino Unido reclam\u00f3 para que las pertenencias de Esteban fueron devueltas. Como el coleccionista privado se negaba, por sugerencia del abogado Dami\u00e1n Loretti, el 31 de marzo de 2021 Esteban present\u00f3 una denuncia penal en Londres, a trav\u00e9s del abogado Federico Cincotta. Despu\u00e9s de un a\u00f1o de investigaci\u00f3n, el pasado 11 de abril<strong>&nbsp;la divisi\u00f3n antiterrorista de la polic\u00eda brit\u00e1nica entreg\u00f3 a la Embajada de Argentina en Londres los objetos recuperados<\/strong>.<\/p>\n\n\n\n<h2 class=\"wp-block-heading\" id=\"un-hito-de-la-restitucion\"><strong>Un hito de la restituci\u00f3n<\/strong><\/h2>\n\n\n\n<p>Durante el acto, el embajador Javier Figueroa record\u00f3 que fue Malvinas lo que uni\u00f3 su vida con la de Esteban, hace m\u00e1s de una d\u00e9cada, cuando era consejero en la embajada de Cuba y el periodista y escritor no pudo viajar a presentar en la Feria del Libro de La Habana\u00a0<em>Iluminados por el fuego<\/em>. Cuando se conocieron en Buenos Aires, se hicieron amigos. Figueroa confes\u00f3 que se sorprendi\u00f3 por la generosidad, el compromiso y lucidez del actual director del Museo Malvinas. \u201cLa gesti\u00f3n e investigaci\u00f3n permiti\u00f3 la conversi\u00f3n de algo que era un trofeo de guerra inerte en una vitrina a\u00a0<strong>un documento que habla de la historia de la identidad<\/strong>\u201d, resumi\u00f3 el embajador.<\/p>\n\n\n\n<figure class=\"wp-block-image size-full\"><img loading=\"lazy\" decoding=\"async\" width=\"902\" height=\"508\" src=\"https:\/\/lacontracara.com\/wp-content\/uploads\/2022\/04\/Imagen26-1.jpg\" alt=\"\" class=\"wp-image-14491\" srcset=\"https:\/\/lacontracara.com\/wp-content\/uploads\/2022\/04\/Imagen26-1.jpg 902w, https:\/\/lacontracara.com\/wp-content\/uploads\/2022\/04\/Imagen26-1-300x169.jpg 300w, https:\/\/lacontracara.com\/wp-content\/uploads\/2022\/04\/Imagen26-1-768x433.jpg 768w, https:\/\/lacontracara.com\/wp-content\/uploads\/2022\/04\/Imagen26-1-696x392.jpg 696w, https:\/\/lacontracara.com\/wp-content\/uploads\/2022\/04\/Imagen26-1-746x420.jpg 746w\" sizes=\"auto, (max-width: 902px) 100vw, 902px\" \/><\/figure>\n\n\n\n<p>Cincotta repas\u00f3 el proceso que comenz\u00f3 desde que se realiz\u00f3 la denuncia ante la polic\u00eda brit\u00e1nica hasta que se pudo recuperar la c\u00e9dula que le hab\u00eda sido sustra\u00edda a Esteban. \u201cLuego de mucha perseverancia e insistencia me alegra enormemente haber obtenido lo que yo podr\u00eda titular como un sue\u00f1o. Este caso constituye&nbsp;<strong>un hito dentro de los diversos casos de restituci\u00f3n<\/strong>&nbsp;y espero que sirva tambi\u00e9n como precedente para casos similares\u201d, dijo el abogado que impuls\u00f3 la causa en el Reino Unido. La historiadora y periodista Alicia Panero, autora de los libros&nbsp;<em>Mujeres Invisibles. La historia silenciada de las mujeres en la guerra<\/em>&nbsp;y&nbsp;<em>Soldado desconocido. No somos nadie<\/em>, subray\u00f3 que nunca dud\u00f3 de que \u201clo m\u00e1s importante era la recuperaci\u00f3n de la identidad de Edgardo como soldado\u201d.<\/p>\n\n\n\n<h2 class=\"wp-block-heading\" id=\"sentimiento-de-ausencia\"><strong>Sentimiento de ausencia<\/strong><\/h2>\n\n\n\n<p>En primera fila estaba, hermosa y jovial como siempre, Taty Almeida. Daniel Filmus mencion\u00f3 que fueron las abuelas y las madres las que lograron que el derecho a la identidad ingrese en el derecho internacional, \u201cun aporte argentino a la humanidad para siempre\u201d. \u201cTodos tenemos una identidad que nos falta; Argentina no est\u00e1 completa sin las islas Malvinas.<strong>\u00a0Uno de los rasgos caracter\u00edsticos de la identidad argentina es el sentimiento de ausencia de una parte del territorio que no ha vuelto al territorio nacional<\/strong>\u201d, plante\u00f3 el ministro de Ciencia, Tecnolog\u00eda e Innovaci\u00f3n. \u201cNo vamos a bajar los brazos hasta que la bandera argentina en las islas nos diga que hemos recuperado la identidad plena\u201d, a\u00f1adi\u00f3 Filmus. Bauer admiti\u00f3 estar \u201cmuy atravesado por la emoci\u00f3n\u201d en\u00a0<strong>\u00abun d\u00eda de justicia y de reparaci\u00f3n\u201d<\/strong>. \u201cEsta recuperaci\u00f3n es verdaderamente importante y es conmovedora. Sigamos pensando en las grandes luchas y en las palabras\u201d, propuso el ministro de Cultura, hasta obtener \u201cel ejercicio pleno de la soberan\u00eda de Malvinas\u201d.<\/p>\n\n\n\n<figure class=\"wp-block-image size-full\"><img loading=\"lazy\" decoding=\"async\" width=\"764\" height=\"518\" src=\"https:\/\/lacontracara.com\/wp-content\/uploads\/2022\/04\/Imagen27-1.png\" alt=\"\" class=\"wp-image-14492\" srcset=\"https:\/\/lacontracara.com\/wp-content\/uploads\/2022\/04\/Imagen27-1.png 764w, https:\/\/lacontracara.com\/wp-content\/uploads\/2022\/04\/Imagen27-1-300x203.png 300w, https:\/\/lacontracara.com\/wp-content\/uploads\/2022\/04\/Imagen27-1-696x472.png 696w, https:\/\/lacontracara.com\/wp-content\/uploads\/2022\/04\/Imagen27-1-619x420.png 619w\" sizes=\"auto, (max-width: 764px) 100vw, 764px\" \/><figcaption><br><\/figcaption><\/figure>\n\n\n\n<p><strong>Malvinas, un futuro<\/strong><\/p>\n\n\n\n<p>Esteban agradeci\u00f3 este \u201crescate colectivo de sus pertenencias\u201d y reconoci\u00f3 que \u201cMalvinas est\u00e1 y va a estar hasta el \u00faltimo d\u00eda de mi vida\u201d. \u201c<strong>Recuperar esto no es menor, es empezar a armar un rompecabezas<\/strong>. Cuarenta a\u00f1os es toda una vida. Y ac\u00e1 tengo la foto flaquito, con cara de enojado, pero con el orgullo de estar en Malvinas\u201d, asegur\u00f3 Esteban y aclar\u00f3 que se trata adem\u00e1s de otras 44 historias recuperadas entre esos objetos apropiados, que pertenec\u00edan a otras personas, y anunci\u00f3 que&nbsp;<strong>desde el Museo Malvinas trabajar\u00e1n para identificar a los due\u00f1os de las fotograf\u00edas y poder restituirlas<\/strong>.<\/p>\n\n\n\n<p>\u201cNo tenemos que hacer una pirater\u00eda del bot\u00edn de guerra; es un mal negocio. Duele ir al museo brit\u00e1nico y tener que comprar tus fotos o pagar 11 mil libras esterlinas por un casco. Es nuestra pertenencia, nuestra vida\u201d, explic\u00f3 el autor de&nbsp;<em>Iluminados por el fuego<\/em>.&nbsp;<strong>\u201cMalvinas es un pasado, Malvinas es un presente, pero tambi\u00e9n tenemos que trabajar para que sea un futuro\u201d<\/strong>, concluy\u00f3 Esteban.&nbsp;<\/p>\n","protected":false},"excerpt":{"rendered":"<p>El mejor trofeo es recuperar la identidad.\u00a0Edgardo Esteban\u00a0mostraba la\u00a0c\u00e9dula de identidad\u00a0de ese chico flaquito con cara de enojado ante las Madres de Plaza de Mayo, veteranos de guerra, familiares y&#8230; <\/p>\n","protected":false},"author":4,"featured_media":14493,"comment_status":"open","ping_status":"open","sticky":false,"template":"","format":"standard","meta":{"footnotes":""},"categories":[20],"tags":[249,2520,2521,615],"class_list":["post-14487","post","type-post","status-publish","format-standard","has-post-thumbnail","hentry","category-nacionales","tag-argentina","tag-edgardo-esteban","tag-guerra-de-malvinas","tag-islas-malvinas"],"_links":{"self":[{"href":"https:\/\/lacontracara.com\/index.php\/wp-json\/wp\/v2\/posts\/14487","targetHints":{"allow":["GET"]}}],"collection":[{"href":"https:\/\/lacontracara.com\/index.php\/wp-json\/wp\/v2\/posts"}],"about":[{"href":"https:\/\/lacontracara.com\/index.php\/wp-json\/wp\/v2\/types\/post"}],"author":[{"embeddable":true,"href":"https:\/\/lacontracara.com\/index.php\/wp-json\/wp\/v2\/users\/4"}],"replies":[{"embeddable":true,"href":"https:\/\/lacontracara.com\/index.php\/wp-json\/wp\/v2\/comments?post=14487"}],"version-history":[{"count":1,"href":"https:\/\/lacontracara.com\/index.php\/wp-json\/wp\/v2\/posts\/14487\/revisions"}],"predecessor-version":[{"id":14494,"href":"https:\/\/lacontracara.com\/index.php\/wp-json\/wp\/v2\/posts\/14487\/revisions\/14494"}],"wp:featuredmedia":[{"embeddable":true,"href":"https:\/\/lacontracara.com\/index.php\/wp-json\/wp\/v2\/media\/14493"}],"wp:attachment":[{"href":"https:\/\/lacontracara.com\/index.php\/wp-json\/wp\/v2\/media?parent=14487"}],"wp:term":[{"taxonomy":"category","embeddable":true,"href":"https:\/\/lacontracara.com\/index.php\/wp-json\/wp\/v2\/categories?post=14487"},{"taxonomy":"post_tag","embeddable":true,"href":"https:\/\/lacontracara.com\/index.php\/wp-json\/wp\/v2\/tags?post=14487"}],"curies":[{"name":"wp","href":"https:\/\/api.w.org\/{rel}","templated":true}]}}