{"id":15941,"date":"2022-05-17T12:55:37","date_gmt":"2022-05-17T15:55:37","guid":{"rendered":"https:\/\/lacontracara.com\/?p=15941"},"modified":"2022-05-17T12:55:39","modified_gmt":"2022-05-17T15:55:39","slug":"el-arzobispo-cargnello-se-presento-a-declarar-en-la-causa-por-violencia-de-genero","status":"publish","type":"post","link":"https:\/\/lacontracara.com\/index.php\/2022\/05\/17\/el-arzobispo-cargnello-se-presento-a-declarar-en-la-causa-por-violencia-de-genero\/","title":{"rendered":"El arzobispo Cargnello se present\u00f3 a declarar en la causa por violencia de g\u00e9nero\u00a0"},"content":{"rendered":"\n<p>El<strong>&nbsp;arzobispo de Salta, Mario Cargnello,&nbsp;<\/strong>se present\u00f3 a declarar este lunes al mediod\u00eda ante el Juzgado de Violencia Familiar y de G\u00e9nero 3, a cargo de la jueza&nbsp;<strong>Mar\u00eda Carolina C\u00e1ceres Moreno, por la denuncia que realizaron las&nbsp;<\/strong><strong>Hermanas del Convento San Bernardo de Carmelitas Descalzas<\/strong><strong>.&nbsp;<\/strong><\/p>\n\n\n\n<p>El abogado&nbsp;<strong>Eduardo Romani<\/strong>&nbsp;aclar\u00f3 que no puede referirse al contenido de lo expuesto por su defendido, a causa de la prohibici\u00f3n impuesta por la magistrada que les impide dar declaraciones p\u00fablicas sobre el expediente. El letrado dijo \u00abque no existi\u00f3 ning\u00fan hecho de violencia\u00bb y remiti\u00f3 a sus declaraciones previas a la prensa.<\/p>\n\n\n\n<p>Romani dijo que existe una prohibici\u00f3n de la jueza \u00abpara comentar cosas del expediente\u00bb. Indic\u00f3 que el arzobispo se present\u00f3 al mediod\u00eda a la audiencia y que no hay nuevas medidas, pero rigen las ya impuestas por C\u00e1ceres Moreno que le impiden acercarse a las Carmelitas Descalzas.<\/p>\n\n\n\n<p>\u00abNo existi\u00f3 ning\u00fan hecho de violencia, en definitiva, de ning\u00fan tipo de violencia\u00bb, insisti\u00f3 Romani.&nbsp;<\/p>\n\n\n\n<p>Cargnello hab\u00eda sido citado a&nbsp;declarar el 3 de mayo pero justific\u00f3 su ausencia en que estaba participando de la Conferencia Episcopal Argentina. La semana pasada tambi\u00e9n se present\u00f3 a la entrevista psicol\u00f3gica en la OVIF.&nbsp;<\/p>\n\n\n\n<p>En la misma causa est\u00e1n denunciados por las monjas el cura&nbsp;<strong>Lucio Ajalla y el el obispo em\u00e9rito Mart\u00edn de Elizalde<\/strong>.&nbsp;<\/p>\n\n\n\n<p>Como primera medida la jueza orden\u00f3 a los denunciados \u00ababstenerse de ejercer actos de violencia de todo tipo y bajo cualquier modalidad en contra de las v\u00edctimas\u00bb y \u00ablas dem\u00e1s hermanas del monasterio San Bernardo de Carmelitas Descalzas de Salta\u00bb. Adem\u00e1s, la jueza impuso una orden de restricci\u00f3n de acercamiento y una guardia policial en el convento.<\/p>\n\n\n\n<p>La semana pasada, fue denunciado tambi\u00e9n el vicario judicial,&nbsp;<strong>Loyola Pinto y de San Crist\u00f3val, q<\/strong>uien fue intimado por la jueza a abstenerse de hacer manifestaciones p\u00fablicas o privadas que afecten la integridad psicof\u00edsica de las Carmelitas Descalzas.&nbsp;<\/p>\n","protected":false},"excerpt":{"rendered":"<p>El&nbsp;arzobispo de Salta, Mario Cargnello,&nbsp;se present\u00f3 a declarar este lunes al mediod\u00eda ante el Juzgado de Violencia Familiar y de G\u00e9nero 3, a cargo de la jueza&nbsp;Mar\u00eda Carolina C\u00e1ceres Moreno,&#8230; <\/p>\n","protected":false},"author":4,"featured_media":15945,"comment_status":"open","ping_status":"open","sticky":false,"template":"","format":"standard","meta":{"footnotes":""},"categories":[23,42,22],"tags":[2465,2742,35,690],"class_list":["post-15941","post","type-post","status-publish","format-standard","has-post-thumbnail","hentry","category-policiales","category-salta","category-sociedad","tag-carmelitas-descalzas","tag-mario-cargnello","tag-salta","tag-violencia-de-genero-2"],"_links":{"self":[{"href":"https:\/\/lacontracara.com\/index.php\/wp-json\/wp\/v2\/posts\/15941","targetHints":{"allow":["GET"]}}],"collection":[{"href":"https:\/\/lacontracara.com\/index.php\/wp-json\/wp\/v2\/posts"}],"about":[{"href":"https:\/\/lacontracara.com\/index.php\/wp-json\/wp\/v2\/types\/post"}],"author":[{"embeddable":true,"href":"https:\/\/lacontracara.com\/index.php\/wp-json\/wp\/v2\/users\/4"}],"replies":[{"embeddable":true,"href":"https:\/\/lacontracara.com\/index.php\/wp-json\/wp\/v2\/comments?post=15941"}],"version-history":[{"count":1,"href":"https:\/\/lacontracara.com\/index.php\/wp-json\/wp\/v2\/posts\/15941\/revisions"}],"predecessor-version":[{"id":15946,"href":"https:\/\/lacontracara.com\/index.php\/wp-json\/wp\/v2\/posts\/15941\/revisions\/15946"}],"wp:featuredmedia":[{"embeddable":true,"href":"https:\/\/lacontracara.com\/index.php\/wp-json\/wp\/v2\/media\/15945"}],"wp:attachment":[{"href":"https:\/\/lacontracara.com\/index.php\/wp-json\/wp\/v2\/media?parent=15941"}],"wp:term":[{"taxonomy":"category","embeddable":true,"href":"https:\/\/lacontracara.com\/index.php\/wp-json\/wp\/v2\/categories?post=15941"},{"taxonomy":"post_tag","embeddable":true,"href":"https:\/\/lacontracara.com\/index.php\/wp-json\/wp\/v2\/tags?post=15941"}],"curies":[{"name":"wp","href":"https:\/\/api.w.org\/{rel}","templated":true}]}}