{"id":17535,"date":"2022-06-06T17:24:52","date_gmt":"2022-06-06T20:24:52","guid":{"rendered":"https:\/\/lacontracara.com\/?p=17535"},"modified":"2022-06-06T17:24:53","modified_gmt":"2022-06-06T20:24:53","slug":"zapata-pidio-mayor-igualdad-entre-salta-capital-y-el-resto-de-la-provincia","status":"publish","type":"post","link":"https:\/\/lacontracara.com\/index.php\/2022\/06\/06\/zapata-pidio-mayor-igualdad-entre-salta-capital-y-el-resto-de-la-provincia\/","title":{"rendered":"Zapata pidi\u00f3 mayor igualdad entre Salta capital y el resto de la provincia"},"content":{"rendered":"\n<p>El diputado nacional Carlos Zapata tom\u00f3 la palabra y asegur\u00f3 que el reclamo por mayor federalismo que enarbola el gobernador Gustavo S\u00e1enz es algo que en nuestra provincia no se vive, ya que no hay igualdad entre la capital salte\u00f1a y el resto de las localidades.<\/p>\n\n\n\n<p>\u00abS\u00e1enz le pide federalismo a la Naci\u00f3n, pero su gobierno tambi\u00e9n hace diferencias entre la Capital y el interior provincial\u00bb, asegur\u00f3 Zapata.<\/p>\n\n\n\n<p>El diputado de Juntos por el Cambio asegur\u00f3 que \u00ablos subsidios al transporte no est\u00e1n repartidos en la misma medida en el norte de la provincia\u00bb. Agreg\u00f3 que otro ejemplo de desigualdad son las tarifas de agua y electricidad.<\/p>\n\n\n\n<p>\u00abEn el norte no hay agua sin embargo la tarifa es id\u00e9ntica a la que pagamos nosotros (en Salta Capital). El suministro de energ\u00eda el\u00e9ctrica tiene serias deficiencias, tiene muchos cortes, y pagan lo mismo que nosotros\u00bb, asegur\u00f3.<\/p>\n\n\n\n<p>En Canal 10, el legislador consider\u00f3 que \u00abno podemos reclamar a la Naci\u00f3n cuestiones que hacen a las decisiones de la Provincia\u00bb, y habl\u00f3 de un super\u00e1vit de 12 mil millones de pesos en el presupuesto provincial del a\u00f1o pasado.<\/p>\n\n\n\n<p>Para Zapata, \u00ablo que falta\u00bb realizar en la provincia \u00abest\u00e1 en el super\u00e1vit\u00bb, y mencion\u00f3 la mala situaci\u00f3n de los hospitales y escuelas del interior de la provincia, adem\u00e1s de la carencia de las fuerzas de seguridad de las distintas ciudades.<\/p>\n\n\n\n<p>\u00abRevisen sus propios n\u00fameros. Ese excedente son obras que nos faltan\u00bb, declar\u00f3.<\/p>\n\n\n\n<p><\/p>\n","protected":false},"excerpt":{"rendered":"<p>El diputado nacional Carlos Zapata tom\u00f3 la palabra y asegur\u00f3 que el reclamo por mayor federalismo que enarbola el gobernador Gustavo S\u00e1enz es algo que en nuestra provincia no se&#8230; <\/p>\n","protected":false},"author":4,"featured_media":17538,"comment_status":"open","ping_status":"open","sticky":false,"template":"","format":"standard","meta":{"footnotes":""},"categories":[18,42],"tags":[940,2711,35],"class_list":["post-17535","post","type-post","status-publish","format-standard","has-post-thumbnail","hentry","category-politica","category-salta","tag-carlos-zapata","tag-federalismo","tag-salta"],"_links":{"self":[{"href":"https:\/\/lacontracara.com\/index.php\/wp-json\/wp\/v2\/posts\/17535","targetHints":{"allow":["GET"]}}],"collection":[{"href":"https:\/\/lacontracara.com\/index.php\/wp-json\/wp\/v2\/posts"}],"about":[{"href":"https:\/\/lacontracara.com\/index.php\/wp-json\/wp\/v2\/types\/post"}],"author":[{"embeddable":true,"href":"https:\/\/lacontracara.com\/index.php\/wp-json\/wp\/v2\/users\/4"}],"replies":[{"embeddable":true,"href":"https:\/\/lacontracara.com\/index.php\/wp-json\/wp\/v2\/comments?post=17535"}],"version-history":[{"count":1,"href":"https:\/\/lacontracara.com\/index.php\/wp-json\/wp\/v2\/posts\/17535\/revisions"}],"predecessor-version":[{"id":17539,"href":"https:\/\/lacontracara.com\/index.php\/wp-json\/wp\/v2\/posts\/17535\/revisions\/17539"}],"wp:featuredmedia":[{"embeddable":true,"href":"https:\/\/lacontracara.com\/index.php\/wp-json\/wp\/v2\/media\/17538"}],"wp:attachment":[{"href":"https:\/\/lacontracara.com\/index.php\/wp-json\/wp\/v2\/media?parent=17535"}],"wp:term":[{"taxonomy":"category","embeddable":true,"href":"https:\/\/lacontracara.com\/index.php\/wp-json\/wp\/v2\/categories?post=17535"},{"taxonomy":"post_tag","embeddable":true,"href":"https:\/\/lacontracara.com\/index.php\/wp-json\/wp\/v2\/tags?post=17535"}],"curies":[{"name":"wp","href":"https:\/\/api.w.org\/{rel}","templated":true}]}}