{"id":20119,"date":"2022-07-06T15:31:27","date_gmt":"2022-07-06T18:31:27","guid":{"rendered":"https:\/\/lacontracara.com\/?p=20119"},"modified":"2022-07-06T15:31:29","modified_gmt":"2022-07-06T18:31:29","slug":"guillermo-hang-deja-la-secretaria-de-comercio-interior","status":"publish","type":"post","link":"https:\/\/lacontracara.com\/index.php\/2022\/07\/06\/guillermo-hang-deja-la-secretaria-de-comercio-interior\/","title":{"rendered":"Guillermo Hang deja la Secretar\u00eda de Comercio Interior"},"content":{"rendered":"\n<p>Guillermo Hang dejar\u00e1 su cargo como secretario de Comercio Interior de la Naci\u00f3n, confirmaron a T\u00e9lam fuentes de la cartera.<\/p>\n\n\n\n<p>A un mes de asumir en reemplazo de Roberto Feletti, y tras la designaci\u00f3n de Silvina Batakis como ministra de Econom\u00eda, Hang dejar\u00e1 el cargo en el marco de la renovaci\u00f3n del equipo econ\u00f3mico.<\/p>\n\n\n\n<p>Seg\u00fan trascendi\u00f3, el funcionario ser\u00e1 reemplazado por Mart\u00edn Pollera ser\u00e1 el nuevo responsable de Comercio Interior.<\/p>\n\n\n\n<p>Pollera fue subsecretario de Pol\u00edticas para el Desarrollo con Equidad Regional en Ministerio del Interior, Obras P\u00fablicas y Vivienda que lidera Eduardo De Pedro. Previamente, fue Director Provincial de Programas de Desarrollo en el Ministerio de Econom\u00eda de Buenos Aires que lideraba Batakis en la gesti\u00f3n de Daniel Scioli.<\/p>\n\n\n\n<p>La salida de Hang implicar\u00e1 un nuevo cambio en un puesto clave como la Secretar\u00eda de Comercio Interior, que tiene bajo su \u00f3rbita los programas de control de precios que negocia con los empresarios.\u00a0<\/p>\n\n\n\n<p>Hang trabaj\u00f3 en las \u00faltimas semanas en la renovaci\u00f3n de\u00a0<strong>Precios Cuidados<\/strong>, cuya nueva etapa se espera que se d\u00e9 a conocer ma\u00f1ana.<\/p>\n\n\n\n<p><a href=\"https:\/\/eleconomista.com.ar\/politica\/cumbre-alberto-fernandez-silvina-batakis-definir-proximos-pasos-economia-n54612\"><\/a><\/p>\n","protected":false},"excerpt":{"rendered":"<p>Guillermo Hang dejar\u00e1 su cargo como secretario de Comercio Interior de la Naci\u00f3n, confirmaron a T\u00e9lam fuentes de la cartera. A un mes de asumir en reemplazo de Roberto Feletti,&#8230; <\/p>\n","protected":false},"author":4,"featured_media":20123,"comment_status":"open","ping_status":"open","sticky":false,"template":"","format":"standard","meta":{"footnotes":""},"categories":[19],"tags":[2130,2831],"class_list":["post-20119","post","type-post","status-publish","format-standard","has-post-thumbnail","hentry","category-economia","tag-comercio-interior","tag-guillermo-hang"],"_links":{"self":[{"href":"https:\/\/lacontracara.com\/index.php\/wp-json\/wp\/v2\/posts\/20119","targetHints":{"allow":["GET"]}}],"collection":[{"href":"https:\/\/lacontracara.com\/index.php\/wp-json\/wp\/v2\/posts"}],"about":[{"href":"https:\/\/lacontracara.com\/index.php\/wp-json\/wp\/v2\/types\/post"}],"author":[{"embeddable":true,"href":"https:\/\/lacontracara.com\/index.php\/wp-json\/wp\/v2\/users\/4"}],"replies":[{"embeddable":true,"href":"https:\/\/lacontracara.com\/index.php\/wp-json\/wp\/v2\/comments?post=20119"}],"version-history":[{"count":1,"href":"https:\/\/lacontracara.com\/index.php\/wp-json\/wp\/v2\/posts\/20119\/revisions"}],"predecessor-version":[{"id":20124,"href":"https:\/\/lacontracara.com\/index.php\/wp-json\/wp\/v2\/posts\/20119\/revisions\/20124"}],"wp:featuredmedia":[{"embeddable":true,"href":"https:\/\/lacontracara.com\/index.php\/wp-json\/wp\/v2\/media\/20123"}],"wp:attachment":[{"href":"https:\/\/lacontracara.com\/index.php\/wp-json\/wp\/v2\/media?parent=20119"}],"wp:term":[{"taxonomy":"category","embeddable":true,"href":"https:\/\/lacontracara.com\/index.php\/wp-json\/wp\/v2\/categories?post=20119"},{"taxonomy":"post_tag","embeddable":true,"href":"https:\/\/lacontracara.com\/index.php\/wp-json\/wp\/v2\/tags?post=20119"}],"curies":[{"name":"wp","href":"https:\/\/api.w.org\/{rel}","templated":true}]}}