{"id":2508,"date":"2021-09-09T00:59:18","date_gmt":"2021-09-09T03:59:18","guid":{"rendered":"https:\/\/lacontracara.com\/?p=2508"},"modified":"2021-09-09T00:59:20","modified_gmt":"2021-09-09T03:59:20","slug":"pocos-vendedores-ambulantes-alrededor-de-la-catedral-en-el-inicio-de-la-novena-del-milagro","status":"publish","type":"post","link":"https:\/\/lacontracara.com\/index.php\/2021\/09\/09\/pocos-vendedores-ambulantes-alrededor-de-la-catedral-en-el-inicio-de-la-novena-del-milagro\/","title":{"rendered":"Pocos vendedores ambulantes alrededor de la Catedral en el inicio de la novena del Milagro"},"content":{"rendered":"\n<p>Como todos los a\u00f1os, los salte\u00f1os cat\u00f3licos se preparan para vivir uno de los momentos m\u00e1s emotivos del a\u00f1o, el camino hacia la renovaci\u00f3n del Pacto de Fidelidad. En un contexto especial por la pandemia del coronavirus los fieles se resisten a no acercarse a la Catedral Bas\u00edlica para honrar a sus santos patronos.&nbsp;<br>Para este a\u00f1o la situaci\u00f3n epidemiol\u00f3gica condiciona la presencia no solo de los devotos o los peregrinos, sino tambi\u00e9n a los vendedores ambulantes. Es por eso que plantearon, desde la Curia, un serio protocolo que hasta hoy se est\u00e1 cumpliendo.&nbsp;<br>Los fieles mantienen distancia, todos respetando el uso del barbijo y el uso de alcohol al ingresar al templo. Hay un aforo de 230 personas dentro de la Catedral y en el patio lateral dejan ingresar hasta 60 personas.<br>Por calle Espa\u00f1a cortaron la circulaci\u00f3n vial y vallaron el frente de la Catedral. Adem\u00e1s pusieron una pantalla gigante para reducir el ingreso al templo y la Catedral permanece abierta entre las 6.15 y las 22.&nbsp;<\/p>\n\n\n\n<p><strong>Vendedores ambulantes<\/strong><\/p>\n\n\n\n<p>Los vendedores ambulantes tambi\u00e9n est\u00e1n condicionados. Pese a que hay gente al frente de la Catedral, en la calle se ven pocos comerciantes callejeros. Se ofrecen los t\u00edpicos claveles rojos y blancos, las novenas del Se\u00f1or y la Virgen del Milagro, calendarios con los patronos y rosarios, pero a los cl\u00e1sicos souvenirs relacionados con esta celebraci\u00f3n se le suman la venta de alcohol en gel y barbijos.<br>El precio de los claveles comienza en 100 pesos el par, mientras que el libro de la novena se vende al mismo precio. El m\u00e1s barato de los rosarios arranca en 70 pesos, mientras que los m\u00e1s caros pueden superar los 200 pesos.<br>Despu\u00e9s de un 2020 sin procesi\u00f3n, sin fieles ni vendedores ambulantes por las restricciones que se aplicaron por la pandemia, el centro salte\u00f1o volvi\u00f3 a verse como fue todos los meses de septiembre. Los tradicionales vendedores ambulantes rodeando la Catedral Bas\u00edlica ofreciendo todo tipo de productos relacionados con el Milagro.<br>Pero la crisis social y econ\u00f3mica que atraviesa el pa\u00eds y la provincia se nota en la calle. Los vendedores ambulantes se quejan de que ya no vende tanto como en otras \u00e9pocas y eso es visible. La mercader\u00eda que ofrecen queda m\u00e1s tiempo en sus manos dejando en evidencia que el salte\u00f1o, por lo menos por ahora, decide honrar a sus patronos con su presencia.<br>Karina Quispe es la primera vez que sale a la calle a vender libros de la novena. El a\u00f1o pasado trabajaba como vendedora en un local, pero la pandemia se lo llev\u00f3 puesto. Por las bajas ventas la primera variable de ajuste fue ella y se qued\u00f3 en la calle. Ante la falta de trabajo no le qued\u00f3 otra que convertirse en vendedora ambulante.<br>Desde que arranc\u00f3 la novena, est\u00e1 todos los d\u00edas de 8 a 12 del mediod\u00eda. Por las tardes no puede salir a vender porque tiene un hijo con discapacidad y debe llevarlo a la escuela. Ferviente devota, Karina reza todos los d\u00edas para revertir su realidad y poder salir de la situaci\u00f3n dif\u00edcil en la que se encuentra.\u00a0<br>\u201cYo antes sol\u00eda venir peregrinando desde La Vi\u00f1a pero este a\u00f1o me dijeron que no se puede, as\u00ed que intento acompa\u00f1ar de otra manera la semana del Milagro. Yo creo mucho en Dios y tengo fe de que me va a ayudar. La verdad que est\u00e1 muy duro para todos los vendedores ambulantes porque la gente compra muy poco\u201d, expres\u00f3 la joven.<br>Esa falta de ventas se nota en la calle. Que haya pocos vendedores ambulantes tambi\u00e9n es una se\u00f1al de que no hay lugar para todos. Lurdes cuenta que es una hist\u00f3rica del Milagro. Hoy tiene 27 a\u00f1os pero coment\u00f3 que desde los 8 a\u00f1os viene a la Catedral para vender claveles. Tiene cinco hijos y su situaci\u00f3n tambi\u00e9n es compleja. La ayuda que recibe del Estado no es suficiente y su salida laboral m\u00e1s pr\u00f3xima es la calle.<br>\u201cEste a\u00f1o si lo comparo con el 2019 la verdad que est\u00e1 muy complicado. La gente no compra ya tantos claveles para llevarle a las im\u00e1genes. Se siente que hay poco dinero en la calle. Yo estoy todo el d\u00eda desde las 8 de la ma\u00f1ana hasta la \u00faltima misa que se da en la Catedral y reci\u00e9n ah\u00ed vendemos un poquito m\u00e1s. Est\u00e1 todo muy complicado, pero hay que pelearla, lo que saco de ac\u00e1 por lo menos me ayuda a darle de comer a mis hijos\u201d, coment\u00f3 la joven.<br>Roberto Carlos Cruz es un hist\u00f3rico de la\u00a0<a href=\"https:\/\/www.eltribuno.com\/salta\/personaje\/plaza-9-de-julio\">PLAZA 9 DE JULIO<\/a>. Hace m\u00e1s de 30 a\u00f1os que trabaja como vendedor ambulante. Durante el a\u00f1o vende los famosos bingos de distintas organizaciones salte\u00f1as, pero en la \u00e9poca del Milagro aprovecha para vender souvenirs relacionados con la festividad de los patronos locales. Sin embargo, este a\u00f1o no es el mejor. Las ventas bajaron much\u00edsimo.<br>\u201cYo gast\u00e9 m\u00e1s de 4 mil pesos en cositas del Milagro y desde que empez\u00f3 la novena solo pude vender 700 pesos. Antes capaz vend\u00eda todo en un d\u00eda, ahora me est\u00e1 costando. Se ve mucha menos gente, pero tambi\u00e9n se nota la falta de dinero en los salte\u00f1os. Tengo un denario a 200 pesos y la gente me dice que est\u00e1 caro\u201d, afirm\u00f3.<\/p>\n\n\n\n<p><strong>Fuente: El Tribuno<\/strong><br>\u00a0<\/p>\n","protected":false},"excerpt":{"rendered":"<p>Como todos los a\u00f1os, los salte\u00f1os cat\u00f3licos se preparan para vivir uno de los momentos m\u00e1s emotivos del a\u00f1o, el camino hacia la renovaci\u00f3n del Pacto de Fidelidad. En un&#8230; <\/p>\n","protected":false},"author":1,"featured_media":2509,"comment_status":"open","ping_status":"open","sticky":false,"template":"","format":"standard","meta":{"footnotes":""},"categories":[42,22],"tags":[],"class_list":["post-2508","post","type-post","status-publish","format-standard","has-post-thumbnail","hentry","category-salta","category-sociedad"],"_links":{"self":[{"href":"https:\/\/lacontracara.com\/index.php\/wp-json\/wp\/v2\/posts\/2508","targetHints":{"allow":["GET"]}}],"collection":[{"href":"https:\/\/lacontracara.com\/index.php\/wp-json\/wp\/v2\/posts"}],"about":[{"href":"https:\/\/lacontracara.com\/index.php\/wp-json\/wp\/v2\/types\/post"}],"author":[{"embeddable":true,"href":"https:\/\/lacontracara.com\/index.php\/wp-json\/wp\/v2\/users\/1"}],"replies":[{"embeddable":true,"href":"https:\/\/lacontracara.com\/index.php\/wp-json\/wp\/v2\/comments?post=2508"}],"version-history":[{"count":1,"href":"https:\/\/lacontracara.com\/index.php\/wp-json\/wp\/v2\/posts\/2508\/revisions"}],"predecessor-version":[{"id":2510,"href":"https:\/\/lacontracara.com\/index.php\/wp-json\/wp\/v2\/posts\/2508\/revisions\/2510"}],"wp:featuredmedia":[{"embeddable":true,"href":"https:\/\/lacontracara.com\/index.php\/wp-json\/wp\/v2\/media\/2509"}],"wp:attachment":[{"href":"https:\/\/lacontracara.com\/index.php\/wp-json\/wp\/v2\/media?parent=2508"}],"wp:term":[{"taxonomy":"category","embeddable":true,"href":"https:\/\/lacontracara.com\/index.php\/wp-json\/wp\/v2\/categories?post=2508"},{"taxonomy":"post_tag","embeddable":true,"href":"https:\/\/lacontracara.com\/index.php\/wp-json\/wp\/v2\/tags?post=2508"}],"curies":[{"name":"wp","href":"https:\/\/api.w.org\/{rel}","templated":true}]}}