{"id":2517,"date":"2021-09-09T01:05:56","date_gmt":"2021-09-09T04:05:56","guid":{"rendered":"https:\/\/lacontracara.com\/?p=2517"},"modified":"2021-09-09T01:05:57","modified_gmt":"2021-09-09T04:05:57","slug":"aclaran-que-no-hubo-una-eleccion-de-reina-de-los-estudiantes-tradicional","status":"publish","type":"post","link":"https:\/\/lacontracara.com\/index.php\/2021\/09\/09\/aclaran-que-no-hubo-una-eleccion-de-reina-de-los-estudiantes-tradicional\/","title":{"rendered":"Aclaran que no hubo una elecci\u00f3n de reina de los estudiantes tradicional"},"content":{"rendered":"\n<p>\u201cDesde el municipio aclaramos que no elegimos a ninguna reina, ni embajadora de los estudiantes de la provincia, ni tampoco organizamos la elecci\u00f3n, ya que el Ministerio de Educaci\u00f3n nos tiene que autorizar eventos. Ojal\u00e1 que todo se normalice para el a\u00f1o que viene y podamos retomar la fiesta que para nosotros en el pueblo es algo muy importante\u201d indic\u00f3 Alejandro S\u00e1nchez, concejal y exdirector de la Juventud del municipio de Apolinario Saravia.<br>El funcionario dijo desconocer cual es el mecanismo de elecci\u00f3n por el cual se proclam\u00f3 a la joven que ir\u00e1 como representante de los estudiantes salte\u00f1os a la Fiesta Nacional que se desarrolla en Jujuy.<\/p>\n\n\n\n<p>Sin embargo, desde la vecina provincia y con el fin de sostener la tradicional fiesta nacional de los Estudiantes, en este contexto de pandemia, explicaron que se convoc\u00f3 a las provincias para que los colegios seleccionen a sus representantes a trav\u00e9s de las agencias de publicidad y modelaje, a puertas cerradas, sin p\u00fablico.<\/p>\n\n\n\n<p>La municipalidad de Apolinario Saravia, a fin de evitar malos entendidos, aclar\u00f3 que bajo ninguna circunstancia organiz\u00f3 la elecci\u00f3n provincial de la reina de los estudiantes, ni ning\u00fan otro evento de esa naturaleza, en los cuales hay reuni\u00f3n de muchas personas, tal como se hab\u00eda indicado en una informaci\u00f3n difundida en las \u00faltimas horas.<br>Desde la comuna ante\u00f1a aclararon que la elecci\u00f3n de la reina de los estudiantes en esa localidad, viene siendo suspendida desde el a\u00f1o pasado como consecuencia de la pandemia y negaron que la misma se haya organizado para este ciclo, ya que nunca recibieron la circular del Ministerio de Educaci\u00f3n de la provincia que autorizara la organizaci\u00f3n de estos eventos que suelen ser multitudinarios.<\/p>\n\n\n\n<p><strong>Fuente: El Tribuno<\/strong><\/p>\n","protected":false},"excerpt":{"rendered":"<p>\u201cDesde el municipio aclaramos que no elegimos a ninguna reina, ni embajadora de los estudiantes de la provincia, ni tampoco organizamos la elecci\u00f3n, ya que el Ministerio de Educaci\u00f3n nos&#8230; <\/p>\n","protected":false},"author":1,"featured_media":2518,"comment_status":"open","ping_status":"open","sticky":false,"template":"","format":"standard","meta":{"footnotes":""},"categories":[42],"tags":[],"class_list":["post-2517","post","type-post","status-publish","format-standard","has-post-thumbnail","hentry","category-salta"],"_links":{"self":[{"href":"https:\/\/lacontracara.com\/index.php\/wp-json\/wp\/v2\/posts\/2517","targetHints":{"allow":["GET"]}}],"collection":[{"href":"https:\/\/lacontracara.com\/index.php\/wp-json\/wp\/v2\/posts"}],"about":[{"href":"https:\/\/lacontracara.com\/index.php\/wp-json\/wp\/v2\/types\/post"}],"author":[{"embeddable":true,"href":"https:\/\/lacontracara.com\/index.php\/wp-json\/wp\/v2\/users\/1"}],"replies":[{"embeddable":true,"href":"https:\/\/lacontracara.com\/index.php\/wp-json\/wp\/v2\/comments?post=2517"}],"version-history":[{"count":1,"href":"https:\/\/lacontracara.com\/index.php\/wp-json\/wp\/v2\/posts\/2517\/revisions"}],"predecessor-version":[{"id":2519,"href":"https:\/\/lacontracara.com\/index.php\/wp-json\/wp\/v2\/posts\/2517\/revisions\/2519"}],"wp:featuredmedia":[{"embeddable":true,"href":"https:\/\/lacontracara.com\/index.php\/wp-json\/wp\/v2\/media\/2518"}],"wp:attachment":[{"href":"https:\/\/lacontracara.com\/index.php\/wp-json\/wp\/v2\/media?parent=2517"}],"wp:term":[{"taxonomy":"category","embeddable":true,"href":"https:\/\/lacontracara.com\/index.php\/wp-json\/wp\/v2\/categories?post=2517"},{"taxonomy":"post_tag","embeddable":true,"href":"https:\/\/lacontracara.com\/index.php\/wp-json\/wp\/v2\/tags?post=2517"}],"curies":[{"name":"wp","href":"https:\/\/api.w.org\/{rel}","templated":true}]}}