{"id":2529,"date":"2021-09-09T01:21:00","date_gmt":"2021-09-09T04:21:00","guid":{"rendered":"https:\/\/lacontracara.com\/?p=2529"},"modified":"2021-09-09T01:21:02","modified_gmt":"2021-09-09T04:21:02","slug":"larga-noche-de-domingo-para-periodistas-de-salta-los-primeros-resultados-de-las-paso-se-conoceran-a-las-23-horas","status":"publish","type":"post","link":"https:\/\/lacontracara.com\/index.php\/2021\/09\/09\/larga-noche-de-domingo-para-periodistas-de-salta-los-primeros-resultados-de-las-paso-se-conoceran-a-las-23-horas\/","title":{"rendered":"Larga noche de domingo para periodistas de Salta | Los primeros resultados de las PASO se conocer\u00e1n a las 23 horas"},"content":{"rendered":"\n<p>Desde el gobierno nacional se inform\u00f3 el horario en el que se comenzaran a difundir los resultados de las PASO del pr\u00f3ximo domingo: cerca de las 23 horas. Buscan garantizar una carga \u201cequitativa y significativa\u201d de los datos y evitar \u201cque se distorsione el resultado de la elecci\u00f3n con cargas parciales\u201d, se\u00f1alaron desde el Gobierno.<\/p>\n\n\n\n<p>Desde Interior aseguraron adem\u00e1s que \u201ctodas las fuerzas pol\u00edticas tendr\u00e1n acceso por primera vez a la trazabilidad de datos, desde la emisi\u00f3n hasta su carga definitiva, para evitar as\u00ed la manipulaci\u00f3n en la cola de carga de datos, como se ha denunciado en comicios anteriores\u201d.<\/p>\n\n\n\n<p><strong>Fuente: Cuarto.com<\/strong><\/p>\n","protected":false},"excerpt":{"rendered":"<p>Desde el gobierno nacional se inform\u00f3 el horario en el que se comenzaran a difundir los resultados de las PASO del pr\u00f3ximo domingo: cerca de las 23 horas. Buscan garantizar&#8230; <\/p>\n","protected":false},"author":1,"featured_media":2530,"comment_status":"open","ping_status":"open","sticky":false,"template":"","format":"standard","meta":{"footnotes":""},"categories":[18],"tags":[],"class_list":["post-2529","post","type-post","status-publish","format-standard","has-post-thumbnail","hentry","category-politica"],"_links":{"self":[{"href":"https:\/\/lacontracara.com\/index.php\/wp-json\/wp\/v2\/posts\/2529","targetHints":{"allow":["GET"]}}],"collection":[{"href":"https:\/\/lacontracara.com\/index.php\/wp-json\/wp\/v2\/posts"}],"about":[{"href":"https:\/\/lacontracara.com\/index.php\/wp-json\/wp\/v2\/types\/post"}],"author":[{"embeddable":true,"href":"https:\/\/lacontracara.com\/index.php\/wp-json\/wp\/v2\/users\/1"}],"replies":[{"embeddable":true,"href":"https:\/\/lacontracara.com\/index.php\/wp-json\/wp\/v2\/comments?post=2529"}],"version-history":[{"count":1,"href":"https:\/\/lacontracara.com\/index.php\/wp-json\/wp\/v2\/posts\/2529\/revisions"}],"predecessor-version":[{"id":2531,"href":"https:\/\/lacontracara.com\/index.php\/wp-json\/wp\/v2\/posts\/2529\/revisions\/2531"}],"wp:featuredmedia":[{"embeddable":true,"href":"https:\/\/lacontracara.com\/index.php\/wp-json\/wp\/v2\/media\/2530"}],"wp:attachment":[{"href":"https:\/\/lacontracara.com\/index.php\/wp-json\/wp\/v2\/media?parent=2529"}],"wp:term":[{"taxonomy":"category","embeddable":true,"href":"https:\/\/lacontracara.com\/index.php\/wp-json\/wp\/v2\/categories?post=2529"},{"taxonomy":"post_tag","embeddable":true,"href":"https:\/\/lacontracara.com\/index.php\/wp-json\/wp\/v2\/tags?post=2529"}],"curies":[{"name":"wp","href":"https:\/\/api.w.org\/{rel}","templated":true}]}}