{"id":27162,"date":"2022-10-20T15:34:37","date_gmt":"2022-10-20T18:34:37","guid":{"rendered":"https:\/\/lacontracara.com\/?p=27162"},"modified":"2022-10-20T15:34:38","modified_gmt":"2022-10-20T18:34:38","slug":"aseguran-que-lautaro-teruel-no-esta-mas-en-la-carcel","status":"publish","type":"post","link":"https:\/\/lacontracara.com\/index.php\/2022\/10\/20\/aseguran-que-lautaro-teruel-no-esta-mas-en-la-carcel\/","title":{"rendered":"Aseguran que Lautaro Teruel no est\u00e1 m\u00e1s en la c\u00e1rcel"},"content":{"rendered":"\n<p>Hace exactamente un a\u00f1o, Lautaro Teruel fue condenado por la Justicia de Salta a la pena de 12 a\u00f1os de prisi\u00f3n efectiva, luego de ser hallado culpable de delitos de \u00ababuso sexual con acceso carnal agravado por el grave da\u00f1o en la salud de la v\u00edctima\u00bb continuado por \u00abcorrupci\u00f3n de menores\u00bb y por \u00ababuso sexual con acceso carnal agravado por ser cometido por dos o m\u00e1s personas\u00bb. Hoy no est\u00e1 en la c\u00e1rcel donde deber\u00eda cumplir su pena.<\/p>\n\n\n\n<p>Despu\u00e9s del final del juicio, el hijo del m\u00fasico Mario Teruel fue trasladado a la Unidad Carcelaria N\u00b01 (Villa Las Rosas), donde pas\u00f3 apenas unos meses. En junio de este a\u00f1o lo trasladaron a la cl\u00ednica Santa Clara de As\u00eds con la misi\u00f3n de someterlo a estudios m\u00e9dicos. En uno de sus pies ten\u00eda una infecci\u00f3n que lo afectaba hac\u00eda algunas semanas. El permiso estaba pedido por dos d\u00edas, pero fueron m\u00e1s.<\/p>\n\n\n\n<p>Lo curioso de todo es que al d\u00eda de hoy, Lautaro permanece fuera de la c\u00e1rcel.<\/p>\n\n\n\n<p>En contacto con fuentes oficiales, Que Pasa Salta pudo saber que Teruel permanecer\u00eda en el centro m\u00e9dico, internado, desde hace cuatro meses. Lo curioso es que -de acuerdo a informaci\u00f3n confidencial- habr\u00edan retirado todas sus pertenencias de la celda donde fue alojado en principio. Esto aliment\u00f3 las sospechas de alg\u00fan beneficio para que no regrese al penal.<\/p>\n\n\n\n<p><\/p>\n","protected":false},"excerpt":{"rendered":"<p>Hace exactamente un a\u00f1o, Lautaro Teruel fue condenado por la Justicia de Salta a la pena de 12 a\u00f1os de prisi\u00f3n efectiva, luego de ser hallado culpable de delitos de&#8230; <\/p>\n","protected":false},"author":4,"featured_media":27166,"comment_status":"open","ping_status":"open","sticky":false,"template":"","format":"standard","meta":{"footnotes":""},"categories":[23,42],"tags":[4069,4070,35,2155],"class_list":["post-27162","post","type-post","status-publish","format-standard","has-post-thumbnail","hentry","category-policiales","category-salta","tag-lautaro-teruel","tag-mario-teruel","tag-salta","tag-villa-las-rosas"],"_links":{"self":[{"href":"https:\/\/lacontracara.com\/index.php\/wp-json\/wp\/v2\/posts\/27162","targetHints":{"allow":["GET"]}}],"collection":[{"href":"https:\/\/lacontracara.com\/index.php\/wp-json\/wp\/v2\/posts"}],"about":[{"href":"https:\/\/lacontracara.com\/index.php\/wp-json\/wp\/v2\/types\/post"}],"author":[{"embeddable":true,"href":"https:\/\/lacontracara.com\/index.php\/wp-json\/wp\/v2\/users\/4"}],"replies":[{"embeddable":true,"href":"https:\/\/lacontracara.com\/index.php\/wp-json\/wp\/v2\/comments?post=27162"}],"version-history":[{"count":1,"href":"https:\/\/lacontracara.com\/index.php\/wp-json\/wp\/v2\/posts\/27162\/revisions"}],"predecessor-version":[{"id":27167,"href":"https:\/\/lacontracara.com\/index.php\/wp-json\/wp\/v2\/posts\/27162\/revisions\/27167"}],"wp:featuredmedia":[{"embeddable":true,"href":"https:\/\/lacontracara.com\/index.php\/wp-json\/wp\/v2\/media\/27166"}],"wp:attachment":[{"href":"https:\/\/lacontracara.com\/index.php\/wp-json\/wp\/v2\/media?parent=27162"}],"wp:term":[{"taxonomy":"category","embeddable":true,"href":"https:\/\/lacontracara.com\/index.php\/wp-json\/wp\/v2\/categories?post=27162"},{"taxonomy":"post_tag","embeddable":true,"href":"https:\/\/lacontracara.com\/index.php\/wp-json\/wp\/v2\/tags?post=27162"}],"curies":[{"name":"wp","href":"https:\/\/api.w.org\/{rel}","templated":true}]}}