{"id":30891,"date":"2022-12-02T14:33:12","date_gmt":"2022-12-02T17:33:12","guid":{"rendered":"https:\/\/lacontracara.com\/?p=30891"},"modified":"2022-12-02T14:33:14","modified_gmt":"2022-12-02T17:33:14","slug":"mas-vuelos-para-salta-en-enero-se-sumaran-10-nuevas-frecuencias","status":"publish","type":"post","link":"https:\/\/lacontracara.com\/index.php\/2022\/12\/02\/mas-vuelos-para-salta-en-enero-se-sumaran-10-nuevas-frecuencias\/","title":{"rendered":"M\u00e1s vuelos para Salta, en enero se sumar\u00e1n 10 nuevas frecuencias"},"content":{"rendered":"\n<p>El ministro de Turismo y Deportes de la Provincia, Mario Pe\u00f1a, inform\u00f3 esta tarde a trav\u00e9s de su cuenta de Twitter que\u00a0a partir de enero de 2023 la provincia sumar\u00e1\u00a0<strong>10 nuevas frecuencias a\u00e9reas<\/strong>\u00a0para la provincia, lo que permitir\u00e1 que miles de turistas puedan disfrutar de las maravillas de Salta durante el verano.<\/p>\n\n\n\n<p>Las\u00a0<strong>nuevas frecuencias<\/strong>\u00a0ser\u00e1n desde\u00a0Buenos Aires, Mendoza e Iguaz\u00fa. En la publicaci\u00f3n, el funcionario agradeci\u00f3 al presidente de Aerol\u00edneas Argentinas,\u00a0Pablo Ceriani,\u00a0<em>\u201cpor la confianza en Salta\u201d<\/em>, y destac\u00f3 el crecimiento en el n\u00famero de frecuencias.<\/p>\n\n\n\n<figure class=\"wp-block-embed aligncenter is-type-rich is-provider-twitter wp-block-embed-twitter\"><div class=\"wp-block-embed__wrapper\">\n<blockquote class=\"twitter-tweet\" data-width=\"500\" data-dnt=\"true\"><p lang=\"es\" dir=\"ltr\">Seguimos creciendo en frecuencias de <a href=\"https:\/\/twitter.com\/Aerolineas_AR?ref_src=twsrc%5Etfw\">@Aerolineas_AR<\/a>, gracias a todo el equipo y a su Presidente <a href=\"https:\/\/twitter.com\/ceriani_pablo?ref_src=twsrc%5Etfw\">@ceriani_pablo<\/a> por la confianza en <a href=\"https:\/\/twitter.com\/hashtag\/Salta?src=hash&amp;ref_src=twsrc%5Etfw\">#Salta<\/a>. A partir de enero 2023, 10 frecuencias m\u00e1s en total desde Buenos Aires, Mendoza e Iguaz\u00fa \ud83d\udcaa <a href=\"https:\/\/twitter.com\/GustavoSaenzOK?ref_src=twsrc%5Etfw\">@GustavoSaenzOK<\/a> <a href=\"https:\/\/twitter.com\/GobiernoSalta?ref_src=twsrc%5Etfw\">@GobiernoSalta<\/a> <a href=\"https:\/\/t.co\/OWd7zzxTGo\">pic.twitter.com\/OWd7zzxTGo<\/a><\/p>&mdash; #MarioErnestoPe\u00f1a (@mepsalta) <a href=\"https:\/\/twitter.com\/mepsalta\/status\/1598388080104177664?ref_src=twsrc%5Etfw\">December 1, 2022<\/a><\/blockquote><script async src=\"https:\/\/platform.twitter.com\/widgets.js\" charset=\"utf-8\"><\/script>\n<\/div><\/figure>\n\n\n\n<p>Desde que se terminaron las restricciones por la pandemia de COVID-19 la provincia ven\u00eda incrementando paulatinamente el n\u00famero de\u00a0<strong>frecuencias a\u00e9reas<\/strong>, pero a\u00fan no hab\u00eda alcanzado los niveles previos a 2019.\u00a0Con estas nuevas frecuencias,\u00a0se logra igual los vuelos previos a la pandemia mundial de covid-19.<\/p>\n\n\n\n<p>Pese al incremento de&nbsp;vuelos y la incorporaci\u00f3n de nuevas rutas, como Salta &#8211; Chaco o Salta &#8211; San Pablo, en Brasil; a la provincia&nbsp;a\u00fan le falta recuperar las rutas internacionales como la que un\u00eda a la provincia con Lima, en Per\u00fa, que operaba la empresa LAN; o la que llegaba a Ciudad de Panam\u00e1, operada por la aerol\u00ednea Copa.<ins><\/ins><\/p>\n","protected":false},"excerpt":{"rendered":"<p>El ministro de Turismo y Deportes de la Provincia, Mario Pe\u00f1a, inform\u00f3 esta tarde a trav\u00e9s de su cuenta de Twitter que\u00a0a partir de enero de 2023 la provincia sumar\u00e1\u00a010&#8230; <\/p>\n","protected":false},"author":4,"featured_media":30895,"comment_status":"open","ping_status":"open","sticky":false,"template":"","format":"standard","meta":{"footnotes":""},"categories":[18,42],"tags":[580,4411,35,361,4410],"class_list":["post-30891","post","type-post","status-publish","format-standard","has-post-thumbnail","hentry","category-politica","category-salta","tag-aerolineas-argentinas","tag-aeropuerto-martin-miguel-de-guemes","tag-salta","tag-turismo","tag-vuelos-argentina"],"_links":{"self":[{"href":"https:\/\/lacontracara.com\/index.php\/wp-json\/wp\/v2\/posts\/30891","targetHints":{"allow":["GET"]}}],"collection":[{"href":"https:\/\/lacontracara.com\/index.php\/wp-json\/wp\/v2\/posts"}],"about":[{"href":"https:\/\/lacontracara.com\/index.php\/wp-json\/wp\/v2\/types\/post"}],"author":[{"embeddable":true,"href":"https:\/\/lacontracara.com\/index.php\/wp-json\/wp\/v2\/users\/4"}],"replies":[{"embeddable":true,"href":"https:\/\/lacontracara.com\/index.php\/wp-json\/wp\/v2\/comments?post=30891"}],"version-history":[{"count":1,"href":"https:\/\/lacontracara.com\/index.php\/wp-json\/wp\/v2\/posts\/30891\/revisions"}],"predecessor-version":[{"id":30896,"href":"https:\/\/lacontracara.com\/index.php\/wp-json\/wp\/v2\/posts\/30891\/revisions\/30896"}],"wp:featuredmedia":[{"embeddable":true,"href":"https:\/\/lacontracara.com\/index.php\/wp-json\/wp\/v2\/media\/30895"}],"wp:attachment":[{"href":"https:\/\/lacontracara.com\/index.php\/wp-json\/wp\/v2\/media?parent=30891"}],"wp:term":[{"taxonomy":"category","embeddable":true,"href":"https:\/\/lacontracara.com\/index.php\/wp-json\/wp\/v2\/categories?post=30891"},{"taxonomy":"post_tag","embeddable":true,"href":"https:\/\/lacontracara.com\/index.php\/wp-json\/wp\/v2\/tags?post=30891"}],"curies":[{"name":"wp","href":"https:\/\/api.w.org\/{rel}","templated":true}]}}