{"id":45001,"date":"2026-02-11T21:43:15","date_gmt":"2026-02-12T00:43:15","guid":{"rendered":"https:\/\/lacontracara.com\/?p=45001"},"modified":"2026-02-11T21:43:15","modified_gmt":"2026-02-12T00:43:15","slug":"__trashed-14__trashed","status":"publish","type":"post","link":"https:\/\/lacontracara.com\/index.php\/2026\/02\/11\/__trashed-14__trashed\/","title":{"rendered":"Presentaron en el Senado los proyectos para prorrogar el Presupuesto 2023 y las Emergencias Econ\u00f3mica y Sociosanitaria"},"content":{"rendered":"\n<p>Funcionarios del Gobierno tambi\u00e9n informaron a senadores provinciales sobre el paquete de medidas enviado por el Ejecutivo para la pr\u00f3rroga de las leyes de Presupuesto 2023, la Emergencia Econ\u00f3mica y la Emergencia Sociosanitaria. Las consultas de los legisladores fueron respondidas por los ministros de Infraestructura, Sergio Camacho; de Econom\u00eda y Servicios P\u00fablicos, Roberto Dib Ashur; de Salud P\u00fablica, Federico Mangione; y de Desarrollo Social, Mario Mimessi.<\/p>\n\n\n\n<p>Los ministros explicaron los motivos por los que solicitan la extensi\u00f3n de esas leyes, razones que est\u00e1n sustentadas en la falta de un presupuesto a nivel nacional, el ajuste que sufrir\u00e1n Salta y el resto de las provincias por las disposiciones del nuevo gobierno central y el complejo contexto en el que se encuentra el pa\u00eds. Hicieron hincapi\u00e9 en que se tratan de herramientas que permitir\u00e1n mantener pol\u00edticas p\u00fablicas en beneficio de los salte\u00f1os.<\/p>\n\n\n\n<p>Al grupo de senadores se les record\u00f3 durante la reuni\u00f3n que fue encabezada por el presidente del cuerpo, Antonio Marocco, que desde hace cuatro a\u00f1os la Provincia se maneja con equilibrio fiscal, cumpliendo con sus obligaciones, pagando deudas, siguiendo un plan de desendeudamiento y con los salarios de los empleados p\u00fablicos por arriba de la inflaci\u00f3n.<\/p>\n\n\n\n<p>Marocco anticip\u00f3 que el paquete ser\u00e1 tratado por la C\u00e1mara alta el pr\u00f3ximo 28 del corriente y el senador por el departamento San Mart\u00edn, Manuel Pailler, indic\u00f3 que seguramente sus pares van a acompa\u00f1ar este pedido.<\/p>\n\n\n\n<p>Los funcionarios tambi\u00e9n respondieron sobre el paquete de medidas preventivas dispuesto por el Gobierno provincial para mantener su equilibrio fiscal y econ\u00f3mico. El ministro Camacho indic\u00f3 que son preventivas porque no se conoce la letra chica de las medidas nacionales por lo que reiter\u00f3 al cuerpo a hacerse eco de las mismas; por su parte, Dib Ashur reiter\u00f3 que mientras no haya certezas sobre los fondos nacionales con los que podr\u00e1 contar la Provincia no se puede aprobar un nuevo presupuesto.<\/p>\n\n\n\n<p>Mangione fundament\u00f3 la necesidad de prorrogar la ley de emergencia sociosanitaria en los departamentos Or\u00e1n, San Mart\u00edn y Rivadavia, dando a conocer como principales indicadores el descenso de la mortalidad infantil y materna.<\/p>\n\n\n\n<p> \u00abEn 2020 la mortalidad infantil en menores de un a\u00f1o, seg\u00fan estad\u00edsticas de Salud P\u00fablica, represent\u00f3 el 10.6 %, lo que posiciona a Salta como la segunda provincia con mayor mortalidad infantil seg\u00fan Naci\u00f3n. Pas\u00f3 actualmente al 8.5%, cifra hist\u00f3rica para Salta; en tanto, la mortalidad materna, durante el per\u00edodo 2021\/2022 era del 10.9\/1000, logrando disminuir a la fecha al 5.4\/1000, por lo cual necesitamos continuar fortaleciendo las acciones en territorio para que estos \u00edndices sean a\u00fan menores, indic\u00f3.<\/p>\n\n\n\n<p>En esa l\u00ednea, su par de Desarrollo Social dijo que est\u00e1 m\u00e1s que acreditada la necesidad de prorrogar la normativa y marc\u00f3 el trabajo interdisciplinario e interministerial que se lleva adelante para estar preparados para responder a la emergencia. \u201cEl Senado y Diputados son partes fundamentales de la conformaci\u00f3n de un Estado, conocedores al mil\u00edmetro de la realidad que viven los salte\u00f1os en cada uno de sus municipios\u00bb.<\/p>\n\n\n\n<p><\/p>\n","protected":false},"excerpt":{"rendered":"<p>Funcionarios del Gobierno tambi\u00e9n informaron a senadores provinciales sobre el paquete de medidas enviado por el Ejecutivo para la pr\u00f3rroga de las leyes de Presupuesto 2023, la Emergencia Econ\u00f3mica y&#8230; <\/p>\n","protected":false},"author":4,"featured_media":0,"comment_status":"open","ping_status":"open","sticky":false,"template":"","format":"standard","meta":{"footnotes":""},"categories":[1],"tags":[],"class_list":["post-45001","post","type-post","status-publish","format-standard","hentry","category-sin-categoria"],"_links":{"self":[{"href":"https:\/\/lacontracara.com\/index.php\/wp-json\/wp\/v2\/posts\/45001","targetHints":{"allow":["GET"]}}],"collection":[{"href":"https:\/\/lacontracara.com\/index.php\/wp-json\/wp\/v2\/posts"}],"about":[{"href":"https:\/\/lacontracara.com\/index.php\/wp-json\/wp\/v2\/types\/post"}],"author":[{"embeddable":true,"href":"https:\/\/lacontracara.com\/index.php\/wp-json\/wp\/v2\/users\/4"}],"replies":[{"embeddable":true,"href":"https:\/\/lacontracara.com\/index.php\/wp-json\/wp\/v2\/comments?post=45001"}],"version-history":[{"count":1,"href":"https:\/\/lacontracara.com\/index.php\/wp-json\/wp\/v2\/posts\/45001\/revisions"}],"predecessor-version":[{"id":45314,"href":"https:\/\/lacontracara.com\/index.php\/wp-json\/wp\/v2\/posts\/45001\/revisions\/45314"}],"wp:attachment":[{"href":"https:\/\/lacontracara.com\/index.php\/wp-json\/wp\/v2\/media?parent=45001"}],"wp:term":[{"taxonomy":"category","embeddable":true,"href":"https:\/\/lacontracara.com\/index.php\/wp-json\/wp\/v2\/categories?post=45001"},{"taxonomy":"post_tag","embeddable":true,"href":"https:\/\/lacontracara.com\/index.php\/wp-json\/wp\/v2\/tags?post=45001"}],"curies":[{"name":"wp","href":"https:\/\/api.w.org\/{rel}","templated":true}]}}