{"id":499,"date":"2020-12-15T12:53:41","date_gmt":"2020-12-15T12:53:41","guid":{"rendered":"https:\/\/lacontracara.com\/?p=499"},"modified":"2020-12-15T12:53:42","modified_gmt":"2020-12-15T12:53:42","slug":"la-municipalidad-de-cafayate-no-tiene-fondos-para-realizar-la-serenata","status":"publish","type":"post","link":"https:\/\/lacontracara.com\/index.php\/2020\/12\/15\/la-municipalidad-de-cafayate-no-tiene-fondos-para-realizar-la-serenata\/","title":{"rendered":"\u00abLa municipalidad de Cafayate no tiene fondos para realizar la Serenata\u00bb"},"content":{"rendered":"\n<p>El periodista de Cafayate, Jos\u00e9 Ayusa, asegur\u00f3 en \u00abLa Provincia al d\u00eda\u00bb, por Profesional FM, que \u00abpor m\u00e1s protocolos que existan, hay mucho riesgo de poner en una situaci\u00f3n complicada al municipio si se realiza la Serenata a Cafayate\u00bb.<\/p>\n\n\n\n<p>El comunicador destac\u00f3 que, adem\u00e1s, no hay dinero para realizar la cita folcl\u00f3rica porque las ganancias de 2020 se destinaron a hospitales y asistencia del personal policial, sectores que trabajaron intensamente durante la pandemia coronavirus.<\/p>\n\n\n\n<p>fuente: Fm 89.9<\/p>\n","protected":false},"excerpt":{"rendered":"<p>El periodista de Cafayate, Jos\u00e9 Ayusa, asegur\u00f3 en \u00abLa Provincia al d\u00eda\u00bb, por Profesional FM, que \u00abpor m\u00e1s protocolos que existan, hay mucho riesgo de poner en una situaci\u00f3n complicada&#8230; <\/p>\n","protected":false},"author":1,"featured_media":500,"comment_status":"open","ping_status":"open","sticky":false,"template":"","format":"standard","meta":{"footnotes":""},"categories":[18],"tags":[],"class_list":["post-499","post","type-post","status-publish","format-standard","has-post-thumbnail","hentry","category-politica"],"_links":{"self":[{"href":"https:\/\/lacontracara.com\/index.php\/wp-json\/wp\/v2\/posts\/499","targetHints":{"allow":["GET"]}}],"collection":[{"href":"https:\/\/lacontracara.com\/index.php\/wp-json\/wp\/v2\/posts"}],"about":[{"href":"https:\/\/lacontracara.com\/index.php\/wp-json\/wp\/v2\/types\/post"}],"author":[{"embeddable":true,"href":"https:\/\/lacontracara.com\/index.php\/wp-json\/wp\/v2\/users\/1"}],"replies":[{"embeddable":true,"href":"https:\/\/lacontracara.com\/index.php\/wp-json\/wp\/v2\/comments?post=499"}],"version-history":[{"count":1,"href":"https:\/\/lacontracara.com\/index.php\/wp-json\/wp\/v2\/posts\/499\/revisions"}],"predecessor-version":[{"id":501,"href":"https:\/\/lacontracara.com\/index.php\/wp-json\/wp\/v2\/posts\/499\/revisions\/501"}],"wp:featuredmedia":[{"embeddable":true,"href":"https:\/\/lacontracara.com\/index.php\/wp-json\/wp\/v2\/media\/500"}],"wp:attachment":[{"href":"https:\/\/lacontracara.com\/index.php\/wp-json\/wp\/v2\/media?parent=499"}],"wp:term":[{"taxonomy":"category","embeddable":true,"href":"https:\/\/lacontracara.com\/index.php\/wp-json\/wp\/v2\/categories?post=499"},{"taxonomy":"post_tag","embeddable":true,"href":"https:\/\/lacontracara.com\/index.php\/wp-json\/wp\/v2\/tags?post=499"}],"curies":[{"name":"wp","href":"https:\/\/api.w.org\/{rel}","templated":true}]}}