{"id":502,"date":"2020-12-15T12:55:49","date_gmt":"2020-12-15T12:55:49","guid":{"rendered":"https:\/\/lacontracara.com\/?p=502"},"modified":"2020-12-15T12:55:50","modified_gmt":"2020-12-15T12:55:50","slug":"bettina-romero-oficializo-cambios-en-su-gabinete","status":"publish","type":"post","link":"https:\/\/lacontracara.com\/index.php\/2020\/12\/15\/bettina-romero-oficializo-cambios-en-su-gabinete\/","title":{"rendered":"Bettina Romero oficializ\u00f3 cambios en su gabinete"},"content":{"rendered":"\n<p>La intendenta de la ciudad, Bettina Romero, efectiviz\u00f3 parte de una restructuraci\u00f3n en el Gabinete Municipal la cual fue anunciada durante su balance de gesti\u00f3n 2020.<\/p>\n\n\n\n<p>Bernardo Racedo Arag\u00f3n dejar\u00e1 su cargo como coordinador de Planificaci\u00f3n y Control de Gesti\u00f3n, Agustina Gallo, asumir\u00e1 la Jefatura de Gabinete, Valeria Capisano, como secretaria de Prensa y Comunicaci\u00f3n y Germ\u00e1n Alfredo Humacata se sumar\u00e1 como subsecretario de Coordinaci\u00f3n de Hacienda y Finanzas. En tanto Daniel Nallar estar\u00e1 a cargo de la secretar\u00eda Legal, T\u00e9cnica y Procuraci\u00f3n General en reemplazo de la Coordinaci\u00f3n Jur\u00eddica y Legal.<\/p>\n\n\n\n<p>\u201cSomos un gran equipo de personas con un fuerte compromiso con nuestra ciudad y nuestros vecinos, esta l\u00f3gica de horizontalidad hace que los recambios sean naturales y necesarios\u201d, explic\u00f3 Romero.<\/p>\n\n\n\n<p>\u201cQuiero agradecer especialmente a Bernardo Racedo por habernos acompa\u00f1ado en este a\u00f1o tan dif\u00edcil para todos y por su trabajo incansable al frente de la coordinaci\u00f3n\u201d, destac\u00f3 la Intendenta.<\/p>\n\n\n\n<p><strong>En funciones<\/strong><\/p>\n\n\n\n<p>El contador, German Alfredo Humacata&nbsp; fue puesto en funciones por la intendenta Bettina Romero en la subsecretar\u00eda de Coordinaci\u00f3n de Hacienda y Finanzas dependiente de la Secretar\u00eda de Hacienda.<\/p>\n\n\n\n<p>\u201cMe sumo al equipo como mucho orgullo y con una responsabilidad enorme\u201d dijo Humacata al tomar posesi\u00f3n del cargo.<\/p>\n\n\n\n<p>Fuente: Municipalidad de Salta<\/p>\n","protected":false},"excerpt":{"rendered":"<p>La intendenta de la ciudad, Bettina Romero, efectiviz\u00f3 parte de una restructuraci\u00f3n en el Gabinete Municipal la cual fue anunciada durante su balance de gesti\u00f3n 2020. Bernardo Racedo Arag\u00f3n dejar\u00e1&#8230; <\/p>\n","protected":false},"author":1,"featured_media":503,"comment_status":"open","ping_status":"open","sticky":false,"template":"","format":"standard","meta":{"footnotes":""},"categories":[18],"tags":[],"class_list":["post-502","post","type-post","status-publish","format-standard","has-post-thumbnail","hentry","category-politica"],"_links":{"self":[{"href":"https:\/\/lacontracara.com\/index.php\/wp-json\/wp\/v2\/posts\/502","targetHints":{"allow":["GET"]}}],"collection":[{"href":"https:\/\/lacontracara.com\/index.php\/wp-json\/wp\/v2\/posts"}],"about":[{"href":"https:\/\/lacontracara.com\/index.php\/wp-json\/wp\/v2\/types\/post"}],"author":[{"embeddable":true,"href":"https:\/\/lacontracara.com\/index.php\/wp-json\/wp\/v2\/users\/1"}],"replies":[{"embeddable":true,"href":"https:\/\/lacontracara.com\/index.php\/wp-json\/wp\/v2\/comments?post=502"}],"version-history":[{"count":1,"href":"https:\/\/lacontracara.com\/index.php\/wp-json\/wp\/v2\/posts\/502\/revisions"}],"predecessor-version":[{"id":504,"href":"https:\/\/lacontracara.com\/index.php\/wp-json\/wp\/v2\/posts\/502\/revisions\/504"}],"wp:featuredmedia":[{"embeddable":true,"href":"https:\/\/lacontracara.com\/index.php\/wp-json\/wp\/v2\/media\/503"}],"wp:attachment":[{"href":"https:\/\/lacontracara.com\/index.php\/wp-json\/wp\/v2\/media?parent=502"}],"wp:term":[{"taxonomy":"category","embeddable":true,"href":"https:\/\/lacontracara.com\/index.php\/wp-json\/wp\/v2\/categories?post=502"},{"taxonomy":"post_tag","embeddable":true,"href":"https:\/\/lacontracara.com\/index.php\/wp-json\/wp\/v2\/tags?post=502"}],"curies":[{"name":"wp","href":"https:\/\/api.w.org\/{rel}","templated":true}]}}