{"id":515,"date":"2020-12-15T19:23:10","date_gmt":"2020-12-15T19:23:10","guid":{"rendered":"https:\/\/lacontracara.com\/?p=515"},"modified":"2020-12-15T19:23:12","modified_gmt":"2020-12-15T19:23:12","slug":"los-vecinos-de-barrio-la-lonja-ya-disfrutan-de-la-nueva-plaza-del-deporte","status":"publish","type":"post","link":"https:\/\/lacontracara.com\/index.php\/2020\/12\/15\/los-vecinos-de-barrio-la-lonja-ya-disfrutan-de-la-nueva-plaza-del-deporte\/","title":{"rendered":"Los vecinos de barrio La Lonja ya disfrutan de la nueva Plaza del Deporte"},"content":{"rendered":"\n<p>El&nbsp;gobernador Gustavo S\u00e1enz&nbsp;inaugur\u00f3 en&nbsp;barrio La Lonja la Plaza del Deporte, un predio de 1,78 hect\u00e1reas con zonas para practicar diversos deportes, \u00e1reas de asadores, juegos infantiles y sectores art\u00edsticos.<\/p>\n\n\n\n<p>Durante la inauguraci\u00f3n, el Gobernador destac\u00f3 la importancia de que en cada rinc\u00f3n de la provincia haya espacios verdes \u201cque son m\u00e1s que plazas, porque all\u00ed est\u00e1n los ni\u00f1os haciendo deportes y no en la calle; construyendo valores, con disciplina, reuni\u00e9ndose con sus amigos; as\u00ed podremos recuperar los valores para construir una sociedad m\u00e1s justa, equitativa y solidaria\u201d.<\/p>\n\n\n\n<p>Por ello dijo que se realizar\u00e1 un plan de recuperaci\u00f3n de espacios p\u00fablicos en toda la provincia porque \u201cson importantes para el deporte y el deporte es salud\u201d. En el mismo sentido inst\u00f3 a los vecinos a cuidar el nuevo predio que \u201ces de ustedes\u201d.<\/p>\n\n\n\n<p>El&nbsp;intendente de San Lorenzo Manuel Saravia&nbsp;agradeci\u00f3 al Gobierno de la Provincia por la obra: \u201cSomos privilegiados porque ahora tenemos uno de los parques m\u00e1s lindos de San Lorenzo y adem\u00e1s es un lugar de encuentro de todas las familias de la zona sur del municipio\u201d.<\/p>\n\n\n\n<blockquote class=\"wp-block-quote is-layout-flow wp-block-quote-is-layout-flow\"><p><strong>El&nbsp;gobernador Gustavo S\u00e1enz&nbsp;inaugur\u00f3 en&nbsp;barrio La Lonja la Plaza del Deporte, un predio de 1,78 hect\u00e1reas con zonas para practicar diversos deportes, \u00e1reas de asadores, juegos infantiles y sectores art\u00edsticos.<\/strong><\/p><\/blockquote>\n\n\n\n<p>El ni\u00f1o Jairo Castillo de la escuela de f\u00fatbol La Ci\u00e9naga dijo que \u201ccon mis amigos ahora tenemos un lugar para poder cumplir nuestro sue\u00f1o de ser futbolistas\u201d.<\/p>\n\n\n\n<p>A las escuelas de f\u00fatbol Los halcones de Nueva Esperanza; La Ci\u00e9naga, Los Buitres de Atocha III y el Oratorio y Merendero San Rafael Arc\u00e1ngel recibieron pelotas y conos para practicar deportes.<\/p>\n\n\n\n<p>La obra inaugurada forma parte del Programa Nacional de Mejoramiento Barrial y demand\u00f3 una inversi\u00f3n de casi $25 millones. Beneficia directamente a 1.234 lotes habitacionales de La Lonja y 1.036 lotes de los barrios colindantes San Rafael y Nueva Esperanza.<\/p>\n\n\n\n<p>Acompa\u00f1aron el vicegobernador Antonio Marocco; el ministro de Econom\u00eda Roberto Dib Ashur y familias de los barrios beneficiados.<\/p>\n\n\n\n<p><strong>Detalles<\/strong><\/p>\n\n\n\n<p>En La Lonja, se construyeron 4 espacios verdes (plazas):<\/p>\n\n\n\n<p>El primer espacio es de aproximadamente de 6100 m2 y est\u00e1 destinado al deporte y recreaci\u00f3n. Cuenta con sectores de aparatos de gimnasia, una cancha de f\u00fatbol, canchas de f\u00fatbol tenis, cancha de mini f\u00fatbol, anfiteatro, sector art\u00edstico donde se pintar\u00e1n murales y \u00e1reas de descanso intercaladas.<\/p>\n\n\n\n<p>El segundo espacio es de aproximadamente 7128.33 m2 y fue pensado para uso de esparcimiento familiar, contando con sectores de asadores y juegos infantiles.<\/p>\n\n\n\n<p>El tercer espacio, de aproximadamente 836,32 m2, es un sector destinado para el descanso y servir\u00e1&nbsp; de complemento a los otros espacios verdes.<\/p>\n\n\n\n<p>El cuarto espacio, de 3711,74m2, est\u00e1\u00a0destinado para el descanso y recreaci\u00f3n infantil.<\/p>\n\n\n\n<p><strong>Fuente: El Tribuno<\/strong><\/p>\n","protected":false},"excerpt":{"rendered":"<p>El&nbsp;gobernador Gustavo S\u00e1enz&nbsp;inaugur\u00f3 en&nbsp;barrio La Lonja la Plaza del Deporte, un predio de 1,78 hect\u00e1reas con zonas para practicar diversos deportes, \u00e1reas de asadores, juegos infantiles y sectores art\u00edsticos. Durante&#8230; <\/p>\n","protected":false},"author":1,"featured_media":516,"comment_status":"open","ping_status":"open","sticky":false,"template":"","format":"standard","meta":{"footnotes":""},"categories":[22],"tags":[],"class_list":["post-515","post","type-post","status-publish","format-standard","has-post-thumbnail","hentry","category-sociedad"],"_links":{"self":[{"href":"https:\/\/lacontracara.com\/index.php\/wp-json\/wp\/v2\/posts\/515","targetHints":{"allow":["GET"]}}],"collection":[{"href":"https:\/\/lacontracara.com\/index.php\/wp-json\/wp\/v2\/posts"}],"about":[{"href":"https:\/\/lacontracara.com\/index.php\/wp-json\/wp\/v2\/types\/post"}],"author":[{"embeddable":true,"href":"https:\/\/lacontracara.com\/index.php\/wp-json\/wp\/v2\/users\/1"}],"replies":[{"embeddable":true,"href":"https:\/\/lacontracara.com\/index.php\/wp-json\/wp\/v2\/comments?post=515"}],"version-history":[{"count":1,"href":"https:\/\/lacontracara.com\/index.php\/wp-json\/wp\/v2\/posts\/515\/revisions"}],"predecessor-version":[{"id":517,"href":"https:\/\/lacontracara.com\/index.php\/wp-json\/wp\/v2\/posts\/515\/revisions\/517"}],"wp:featuredmedia":[{"embeddable":true,"href":"https:\/\/lacontracara.com\/index.php\/wp-json\/wp\/v2\/media\/516"}],"wp:attachment":[{"href":"https:\/\/lacontracara.com\/index.php\/wp-json\/wp\/v2\/media?parent=515"}],"wp:term":[{"taxonomy":"category","embeddable":true,"href":"https:\/\/lacontracara.com\/index.php\/wp-json\/wp\/v2\/categories?post=515"},{"taxonomy":"post_tag","embeddable":true,"href":"https:\/\/lacontracara.com\/index.php\/wp-json\/wp\/v2\/tags?post=515"}],"curies":[{"name":"wp","href":"https:\/\/api.w.org\/{rel}","templated":true}]}}