{"id":518,"date":"2020-12-15T19:24:25","date_gmt":"2020-12-15T19:24:25","guid":{"rendered":"https:\/\/lacontracara.com\/?p=518"},"modified":"2020-12-15T19:24:27","modified_gmt":"2020-12-15T19:24:27","slug":"la-inflacion-de-noviembre-de-32-por-ciento-y-acumula-358-en-los-ultimos-doce-meses","status":"publish","type":"post","link":"https:\/\/lacontracara.com\/index.php\/2020\/12\/15\/la-inflacion-de-noviembre-de-32-por-ciento-y-acumula-358-en-los-ultimos-doce-meses\/","title":{"rendered":"La inflaci\u00f3n de noviembre de 3,2 por ciento y acumula 35,8% en los \u00faltimos doce meses"},"content":{"rendered":"\n<p>El \u00edndice de precios al consumidor subi\u00f3 3,2% en noviembre, inform\u00f3 el IndecEl Instituto Nacional de Estad\u00edstica y Censos (Indec) inform\u00f3 este martes que el \u00cdndice de Precios al Consumidor (IPC) avanz\u00f3 en noviembre 3,2 por ciento respecto al mismo mes del a\u00f1o pasado, lo que indica que hubo una desaceleraci\u00f3n en los costos tras el m\u00e1ximo anual que se registr\u00f3 en octubre.<\/p>\n\n\n\n<p>En su informe, el Indec que conduce Marco Lavagna explic\u00f3 que \u00abla divisi\u00f3n Recreaci\u00f3n y cultura fue la que mostr\u00f3 el mayor incremento en noviembre (5,1%), debido a la mayor apertura de actividades recreativas presenciales en gimnasios y alquiler de canchas\u00bb.<\/p>\n\n\n\n<p>\u00abSin embargo, la divisi\u00f3n Alimentos y bebidas no alcoh\u00f3licas (2,7%) registr\u00f3 la mayor incidencia en todas las regiones. Se destacaron en este \u00faltimo caso las subas en Carnes y derivados; Frutas; y Aceites, grasas y manteca. En cambio, Verduras expuso variaciones negativas en GBA, Noroeste y Cuyo\u00bb, detallaron.&nbsp;<\/p>\n\n\n\n<p><br>Seg\u00fan public\u00f3 Clar\u00edn, en la Casa Rosada consideraron que \u00abesta desaceleraci\u00f3n responde en parte a menores aumentos en los productos Estacionales, que desaceleraron hasta 2,0% mensual luego de haber crecido 9,6% mensual en octubre y 7,9% mensual en septiembre\u00bb.<\/p>\n\n\n\n<p>\u00abTambi\u00e9n responde al menor incremento de los Regulados, que volvieron a desacelerar hasta 1,2% mensual (vs. 1,5% mensual en octubre). La inflaci\u00f3n N\u00facleo aceler\u00f3 hasta 3,9% mensual (vs. 3,5% mensual en octubre)\u00bb, agregaron.<\/p>\n\n\n\n<p>Por divisi\u00f3n, Alimentos y Bebidas desaceler\u00f3 hasta 2,7% mensual, luego de crecer 4,8% en octubre, con menor suba de L\u00e1cteos, Aceites y Frutas y ca\u00edda en Verduras. Tambi\u00e9n desaceleraron las divisiones Equipamiento y mantenimiento del hogar (3,9% mensual vs. 4,5% en octubre), Prendas de vestir y calzado (3,7% mensual vs. 6,2% en octubre) y Transporte (3,6% mensual vs. 4,2% en octubre).<\/p>\n\n\n\n<p>Sin embargo, aceleraron respecto al mes anterior Recreaci\u00f3n y Cultura (5,1% mensual vs. 2,6% en octubre), Salud (3,7% vs. 3,1% en octubre) y Bebidas alcoh\u00f3licas y tabaco (3,0% vs. 1,9% en octubre).<\/p>\n\n\n\n<p>En el Gobierno nacional ya hab\u00edan anticipado que el IPC iba a ser menor al 3,8% de octubre. As\u00ed lo adelant\u00f3 el propio ministro de Econom\u00eda, Mart\u00edn Guzm\u00e1n, al participar el lunes en la Cumbre GZero Latinoam\u00e9rica 2020 de Eurasia Group.<\/p>\n\n\n\n<p>El titular de la cartera econ\u00f3mica vaticin\u00f3 adem\u00e1s que 2020 \u00abva a terminar con una inflaci\u00f3n casi 20 puntos menor a 2019\u00bb, cuando alcanz\u00f3 al 53,5%.<\/p>\n\n\n\n<p>Guzm\u00e1n dijo que se espera \u00abun 2021 positivo, con el pa\u00eds creciendo\u00bb y una \u00abacumulaci\u00f3n de reservas internacionales\u00bb.<\/p>\n\n\n\n<p>\u00abEsperamos una reducci\u00f3n gradual de la inflaci\u00f3n; necesitamos ir acumulando reservas internacionales que nos permitan ir reduciendo los controles de capitales que son defensivos que se corresponden con una situaci\u00f3n de emergencia, e ir hacia unas pol\u00edticas macroprudenciales\u00bb, expres\u00f3.<\/p>\n\n\n\n<p>La semana pasada, el ministro de Desarrollo Productivo, Mat\u00edas Kulfas, indic\u00f3 que la inflaci\u00f3n del 29% proyectada para el a\u00f1o que viene en la ley de Presupuesto, marca la continuidad de \u00abun sendero de desinflaci\u00f3n fuerte\u00bb que arranc\u00f3 en 2020 con un IPC que \u00abestar\u00e1 cerrando en pocos d\u00edas en torno al 34% o 36%, aproximadamente 20 puntos por debajo de 2019\u00bb.<\/p>\n\n\n\n<p>Consultado sobre el impacto que la recuperaci\u00f3n de los salarios y el consumo tendr\u00e1 sobre la inflaci\u00f3n, Kulfas indic\u00f3 que \u00abesos procesos pueden generar tensi\u00f3n inflacionaria pero tenemos la expectativa de administrarlo en base a un esquema que combina una macroeconom\u00eda m\u00e1s s\u00f3lida, controles de precios y una pol\u00edtica monetaria y fiscal m\u00e1s consistente que la del a\u00f1o pasado\u00bb.<\/p>\n\n\n\n<p>Los analistas de la plaza financiera estimaron que en noviembre la inflaci\u00f3n alcanz\u00f3 al 3,6%, seg\u00fan el Relevamiento de Expectativas del Mercado (REM) que realiza el Banco Central.<\/p>\n\n\n\n<p>Estos agentes tambi\u00e9n estimaron que la inflaci\u00f3n rondar\u00e1 el 50% el a\u00f1o pr\u00f3ximo, contra el 29% que estim\u00f3 Guzm\u00e1n en la Ley de Presupuesto 2021.<\/p>\n\n\n\n<p><strong>Fuente: El Tribuno<\/strong><\/p>\n","protected":false},"excerpt":{"rendered":"<p>El \u00edndice de precios al consumidor subi\u00f3 3,2% en noviembre, inform\u00f3 el IndecEl Instituto Nacional de Estad\u00edstica y Censos (Indec) inform\u00f3 este martes que el \u00cdndice de Precios al Consumidor&#8230; <\/p>\n","protected":false},"author":1,"featured_media":519,"comment_status":"open","ping_status":"open","sticky":false,"template":"","format":"standard","meta":{"footnotes":""},"categories":[19],"tags":[],"class_list":["post-518","post","type-post","status-publish","format-standard","has-post-thumbnail","hentry","category-economia"],"_links":{"self":[{"href":"https:\/\/lacontracara.com\/index.php\/wp-json\/wp\/v2\/posts\/518","targetHints":{"allow":["GET"]}}],"collection":[{"href":"https:\/\/lacontracara.com\/index.php\/wp-json\/wp\/v2\/posts"}],"about":[{"href":"https:\/\/lacontracara.com\/index.php\/wp-json\/wp\/v2\/types\/post"}],"author":[{"embeddable":true,"href":"https:\/\/lacontracara.com\/index.php\/wp-json\/wp\/v2\/users\/1"}],"replies":[{"embeddable":true,"href":"https:\/\/lacontracara.com\/index.php\/wp-json\/wp\/v2\/comments?post=518"}],"version-history":[{"count":1,"href":"https:\/\/lacontracara.com\/index.php\/wp-json\/wp\/v2\/posts\/518\/revisions"}],"predecessor-version":[{"id":520,"href":"https:\/\/lacontracara.com\/index.php\/wp-json\/wp\/v2\/posts\/518\/revisions\/520"}],"wp:featuredmedia":[{"embeddable":true,"href":"https:\/\/lacontracara.com\/index.php\/wp-json\/wp\/v2\/media\/519"}],"wp:attachment":[{"href":"https:\/\/lacontracara.com\/index.php\/wp-json\/wp\/v2\/media?parent=518"}],"wp:term":[{"taxonomy":"category","embeddable":true,"href":"https:\/\/lacontracara.com\/index.php\/wp-json\/wp\/v2\/categories?post=518"},{"taxonomy":"post_tag","embeddable":true,"href":"https:\/\/lacontracara.com\/index.php\/wp-json\/wp\/v2\/tags?post=518"}],"curies":[{"name":"wp","href":"https:\/\/api.w.org\/{rel}","templated":true}]}}