{"id":56460,"date":"2025-05-21T14:10:02","date_gmt":"2025-05-21T17:10:02","guid":{"rendered":"https:\/\/lacontracara.com\/?p=56460"},"modified":"2025-06-19T00:03:49","modified_gmt":"2025-06-19T03:03:49","slug":"la-amt-convoco-a-una-audiencia-publica-por-el-pedido-de-readecuacion-tarifaria-de-saeta","status":"publish","type":"post","link":"https:\/\/lacontracara.com\/index.php\/2025\/05\/21\/la-amt-convoco-a-una-audiencia-publica-por-el-pedido-de-readecuacion-tarifaria-de-saeta\/","title":{"rendered":"La AMT convoc\u00f3 a una audiencia p\u00fablica por el pedido de readecuaci\u00f3n tarifaria de Saeta"},"content":{"rendered":"\n<p>La Autoridad Metropolitana de Transporte (AMT) convoca a una audiencia p\u00fablica con el objeto de dar tratamiento a la propuesta presentada por SAETA S.A., respecto de la readecuaci\u00f3n del Cuadro Tarifario del Servicio de Transporte Masivo de la Regi\u00f3n Metropolitana de Salta.<br>&nbsp;<br>Cabe resaltar que Saeta fundament\u00f3 el pedido a la AMT por la &nbsp;readecuaci\u00f3n de la tarifa debido al &nbsp;incremento de los costos: principalmente el gasoil y salarios; tambi\u00e9n por la quita de subsidios nacionales, entre otros.<br>&nbsp;<br>El acto se realizar\u00e1 el viernes 6 de junio a partir de las 8 en el sal\u00f3n municipal \u201cPatio Sabores de Chicoana\u201d, ubicado en calle El Carmen N\u00b0265, del municipio de Chicoana.<br>&nbsp;<br>&nbsp;<\/p>\n\n\n\n<figure class=\"wp-block-image\"><a href=\"https:\/\/www.salta.gob.ar\/public\/images\/noticias\/contenidos\/17397-la-amt-convoca-a-una-audiencia-publica-por-el-pedido-de-readecuacion-tarifaria-de-saeta.webp\"><img decoding=\"async\" src=\"https:\/\/www.salta.gob.ar\/public\/images\/noticias\/contenidos\/17397-la-amt-convoca-a-una-audiencia-publica-por-el-pedido-de-readecuacion-tarifaria-de-saeta.webp\" alt=\"La AMT convoca a una audiencia p\u00fablica por el pedido de readecuaci\u00f3n tarifaria de Saeta\" \/><\/a><\/figure>\n\n\n\n<p>Quienes quieran hacer vista del expediente y empezar a inscribirse podr\u00e1n hacerlo a partir de hoy&nbsp;mi\u00e9rcoles 21 de mayo, en la sede de la AMT, de calle Santiago del Estero N\u00b0 2245, 4to Piso, Oficina 28, de la Ciudad de Salta, en el horario de 8 a 13 horas. El plazo final para inscribirse, ser\u00e1 hasta el martes 3 de junio.<br>&nbsp;<br>Por \u00faltimo, cabe mencionar que, desde la AMT se va a hacer &nbsp;extensiva la invitaci\u00f3n a participar de esta audiencia, al Defensor del Pueblo de la ciudad de Salta, a los responsables de la Secretar\u00eda de Defensa del Consumidor de la Provincia, miembros de las C\u00e1maras Legislativas de la Provincia, como as\u00ed tambi\u00e9n de los municipios que integran la Regi\u00f3n Metropolitana de Salta.<\/p>\n","protected":false},"excerpt":{"rendered":"<p>La Autoridad Metropolitana de Transporte (AMT) convoca a una audiencia p\u00fablica con el objeto de dar tratamiento a la propuesta presentada por SAETA S.A., respecto de la readecuaci\u00f3n del Cuadro&#8230; <\/p>\n","protected":false},"author":6,"featured_media":56461,"comment_status":"open","ping_status":"open","sticky":false,"template":"","format":"standard","meta":{"footnotes":""},"categories":[27,42,22],"tags":[249,35],"class_list":["post-56460","post","type-post","status-publish","format-standard","has-post-thumbnail","hentry","category-destacadas","category-salta","category-sociedad","tag-argentina","tag-salta"],"_links":{"self":[{"href":"https:\/\/lacontracara.com\/index.php\/wp-json\/wp\/v2\/posts\/56460","targetHints":{"allow":["GET"]}}],"collection":[{"href":"https:\/\/lacontracara.com\/index.php\/wp-json\/wp\/v2\/posts"}],"about":[{"href":"https:\/\/lacontracara.com\/index.php\/wp-json\/wp\/v2\/types\/post"}],"author":[{"embeddable":true,"href":"https:\/\/lacontracara.com\/index.php\/wp-json\/wp\/v2\/users\/6"}],"replies":[{"embeddable":true,"href":"https:\/\/lacontracara.com\/index.php\/wp-json\/wp\/v2\/comments?post=56460"}],"version-history":[{"count":1,"href":"https:\/\/lacontracara.com\/index.php\/wp-json\/wp\/v2\/posts\/56460\/revisions"}],"predecessor-version":[{"id":56462,"href":"https:\/\/lacontracara.com\/index.php\/wp-json\/wp\/v2\/posts\/56460\/revisions\/56462"}],"wp:featuredmedia":[{"embeddable":true,"href":"https:\/\/lacontracara.com\/index.php\/wp-json\/wp\/v2\/media\/56461"}],"wp:attachment":[{"href":"https:\/\/lacontracara.com\/index.php\/wp-json\/wp\/v2\/media?parent=56460"}],"wp:term":[{"taxonomy":"category","embeddable":true,"href":"https:\/\/lacontracara.com\/index.php\/wp-json\/wp\/v2\/categories?post=56460"},{"taxonomy":"post_tag","embeddable":true,"href":"https:\/\/lacontracara.com\/index.php\/wp-json\/wp\/v2\/tags?post=56460"}],"curies":[{"name":"wp","href":"https:\/\/api.w.org\/{rel}","templated":true}]}}