{"id":5854,"date":"2022-01-11T11:58:33","date_gmt":"2022-01-11T14:58:33","guid":{"rendered":"https:\/\/lacontracara.com\/?p=5854"},"modified":"2022-01-11T11:58:34","modified_gmt":"2022-01-11T14:58:34","slug":"precios-cuidados-sacaron-al-champagne-extra-brut-de-la-nueva-lista-de-productos","status":"publish","type":"post","link":"https:\/\/lacontracara.com\/index.php\/2022\/01\/11\/precios-cuidados-sacaron-al-champagne-extra-brut-de-la-nueva-lista-de-productos\/","title":{"rendered":"Precios Cuidados: sacaron al champagne extra brut de la nueva lista de productos"},"content":{"rendered":"\n<p>La nueva canasta de\u00a0<strong>Precios Cuidados<\/strong>, vigente desde esta semana, contiene 1.321 productos de m\u00e1s de 100 empresas. Sin embargo, la puja entre la\u00a0<strong>Secretar\u00eda de Comercio<\/strong>\u00a0y los empresarios, dej\u00f3 como resultado algunos cambios, especialmente en productos \u201cestrella\u201d como champagne extra brut, gaseosas light y l\u00e1cteos.<\/p>\n\n\n\n<p>En el nuevo acuerdo de Precios Cuidados,\u00a0<strong>las subas ser\u00e1n de hasta 6% trimestral<\/strong>, y se aplicar\u00e1n de manera escalonada a partir de ma\u00f1ana en los supermercados.<\/p>\n\n\n\n<h2 class=\"wp-block-heading\" id=\"cuales-son-los-cambios-en-la-nueva-canasta-de-precios-cuidados\">\u00bfCu\u00e1les son los cambios en la nueva canasta de Precios Cuidados?<\/h2>\n\n\n\n<p>Por ejemplo, en la nueva canasta de&nbsp;<strong>Precios Cuidados de enero 2022<\/strong>, la marca&nbsp;<strong>Chandon<\/strong>&nbsp;logr\u00f3 reemplazar el espumante \u201cExtra Brut\u201d por el de la marca Mercier, de la misma bodega y m\u00e1s econ\u00f3mica.<\/p>\n\n\n\n<p><strong>Coca-Cola&nbsp;<\/strong>pudo sacar de la lista el producto \u201cCoca light\u201d, aunque mantiene en el listado la variante Sabor Original de 1,5 litros.<\/p>\n\n\n\n<p>La empresa l\u00e1ctea<strong>&nbsp;Mastellone&nbsp;<\/strong>consigui\u00f3 sacar de la lista su leche en sachet de 1 litro de la marca \u201cLa Seren\u00edsima\u201d, y en su reemplazo logr\u00f3 ubicar el mismo tipo de producto pero de la l\u00ednea&nbsp;<strong>\u201dLa Armon\u00eda\u201d<\/strong>, su segunda marca.<\/p>\n\n\n\n<p>Otra empresa que logr\u00f3 un reemplazo fue&nbsp;<strong>Cervecer\u00eda y Malter\u00eda Quilmes<\/strong>. En el nuevo acuerdo con la Secretar\u00eda de Comercio Interior, sac\u00f3 el producto en presentaci\u00f3n lata de medio litro \u201cQuilmes\u201d, y a cambio incluy\u00f3 la \u201cQuilmes Bajo Cero\u201d de 1 litro y el porr\u00f3n retornable de Quilmes de 340 cc.<\/p>\n\n\n\n<h2 class=\"wp-block-heading\" id=\"nueva-canasta-de-precios-cuidados\">Nueva canasta de Precios Cuidados<\/h2>\n\n\n\n<p>La diferencia de este Precios Cuidados con los anteriores ser\u00e1 la cantidad de productos:&nbsp;<strong>habr\u00e1 1.321<\/strong>, entre los que se incluyen alimentos, bebidas, productos de limpieza y de higiene personal.<\/p>\n\n\n\n<p>Adem\u00e1s, el aumento de precios ser\u00e1 distinto: los productos, muchos de los cuales ven\u00edan congelados por precios m\u00e1ximos, o por el anterior&nbsp;<strong>Precios Cuidados<\/strong>, tendr\u00e1n distintos aumentos y en diferentes momentos durante el trimestre, y no todos en enero, como sol\u00eda ocurrir.<\/p>\n\n\n\n<p>Si bien el aumento trimestral ser\u00e1 de 6% promedio,&nbsp;<strong>a partir de esta semana muchos de los \u00edtems seguir\u00e1n con el mismo precio, y reci\u00e9n en febrero o marzo se les habilitar\u00e1 una suba<\/strong>.<\/p>\n\n\n\n<p>Otros tendr\u00e1n subas del 2% en enero y luego en febrero y marzo se les habilitar\u00e1 otra. Los productos con mayores subas son la leche, con algunas marcas que suben entre 10-20%, debido a que ten\u00edan el precio congelado desde julio, en $59 el litro.<\/p>\n","protected":false},"excerpt":{"rendered":"<p>La nueva canasta de\u00a0Precios Cuidados, vigente desde esta semana, contiene 1.321 productos de m\u00e1s de 100 empresas. Sin embargo, la puja entre la\u00a0Secretar\u00eda de Comercio\u00a0y los empresarios, dej\u00f3 como resultado&#8230; <\/p>\n","protected":false},"author":4,"featured_media":5858,"comment_status":"open","ping_status":"open","sticky":false,"template":"","format":"standard","meta":{"footnotes":""},"categories":[19],"tags":[284,874],"class_list":["post-5854","post","type-post","status-publish","format-standard","has-post-thumbnail","hentry","category-economia","tag-precios-cuidados","tag-secretaria-de-comercio"],"_links":{"self":[{"href":"https:\/\/lacontracara.com\/index.php\/wp-json\/wp\/v2\/posts\/5854","targetHints":{"allow":["GET"]}}],"collection":[{"href":"https:\/\/lacontracara.com\/index.php\/wp-json\/wp\/v2\/posts"}],"about":[{"href":"https:\/\/lacontracara.com\/index.php\/wp-json\/wp\/v2\/types\/post"}],"author":[{"embeddable":true,"href":"https:\/\/lacontracara.com\/index.php\/wp-json\/wp\/v2\/users\/4"}],"replies":[{"embeddable":true,"href":"https:\/\/lacontracara.com\/index.php\/wp-json\/wp\/v2\/comments?post=5854"}],"version-history":[{"count":1,"href":"https:\/\/lacontracara.com\/index.php\/wp-json\/wp\/v2\/posts\/5854\/revisions"}],"predecessor-version":[{"id":5859,"href":"https:\/\/lacontracara.com\/index.php\/wp-json\/wp\/v2\/posts\/5854\/revisions\/5859"}],"wp:featuredmedia":[{"embeddable":true,"href":"https:\/\/lacontracara.com\/index.php\/wp-json\/wp\/v2\/media\/5858"}],"wp:attachment":[{"href":"https:\/\/lacontracara.com\/index.php\/wp-json\/wp\/v2\/media?parent=5854"}],"wp:term":[{"taxonomy":"category","embeddable":true,"href":"https:\/\/lacontracara.com\/index.php\/wp-json\/wp\/v2\/categories?post=5854"},{"taxonomy":"post_tag","embeddable":true,"href":"https:\/\/lacontracara.com\/index.php\/wp-json\/wp\/v2\/tags?post=5854"}],"curies":[{"name":"wp","href":"https:\/\/api.w.org\/{rel}","templated":true}]}}