{"id":6569,"date":"2022-01-17T12:34:10","date_gmt":"2022-01-17T15:34:10","guid":{"rendered":"https:\/\/lacontracara.com\/?p=6569"},"modified":"2022-01-17T12:34:12","modified_gmt":"2022-01-17T15:34:12","slug":"la-ministra-defendio-a-la-medica-de-tartagal-denunciada-por-un-aborto-legal-gomez-alcorta-contra-los-antiderechos-de-salta","status":"publish","type":"post","link":"https:\/\/lacontracara.com\/index.php\/2022\/01\/17\/la-ministra-defendio-a-la-medica-de-tartagal-denunciada-por-un-aborto-legal-gomez-alcorta-contra-los-antiderechos-de-salta\/","title":{"rendered":"La ministra defendi\u00f3 a la m\u00e9dica de Tartagal denunciada por un aborto legal | G\u00f3mez Alcorta contra los antiderechos de Salta"},"content":{"rendered":"\n<p>La ministra de Mujeres, G\u00e9neros y Diversidad del Gobierno Nacional, Elizabeth G\u00f3mez Alcorta, se refiri\u00f3 al caso de Miranda Ru\u00edz, la m\u00e9dica de Tartagal que fue denunciada -incluso detenida durante algunas horas- por realizar un aborto legal en el hospital p\u00fablico de esa localidad salte\u00f1a.<\/p>\n\n\n\n<p>Para la funcionaria, se trata de un caso \u00abparadigm\u00e1tico\u00bb que revela los intentos de los sectores antiderechos por impedir el avance de la ley de interrupci\u00f3n voluntaria del embarazado.<\/p>\n\n\n\n<p>En Salta 12, G\u00f3mez Alcorta se\u00f1al\u00f3 que hay una persecuci\u00f3n y criminalizaci\u00f3n contra la m\u00e9dica. Dijo que el caso muestra la intenci\u00f3n de \u00abdisciplinamiento a los profesionales de la salud\u00bb que cumplen con la Ley.<\/p>\n\n\n\n<p>\u00abEl simple hecho de que haya sido detenida por una imputaci\u00f3n inicial es algo irracional\u00bb, dijo la ministra, que agreg\u00f3 que su detenci\u00f3n \u00abno se puede justificar por medio del derecho de ninguna manera\u00bb.<\/p>\n\n\n\n<p>Para G\u00f3mez Alcorta, lo sucedido con Ruiz \u00abocupa un lugar importante de disciplinamiento, sobre todo, para grupos reaccionarios\u00bb.<\/p>\n","protected":false},"excerpt":{"rendered":"<p>La ministra de Mujeres, G\u00e9neros y Diversidad del Gobierno Nacional, Elizabeth G\u00f3mez Alcorta, se refiri\u00f3 al caso de Miranda Ru\u00edz, la m\u00e9dica de Tartagal que fue denunciada -incluso detenida durante&#8230; <\/p>\n","protected":false},"author":4,"featured_media":6573,"comment_status":"open","ping_status":"open","sticky":false,"template":"","format":"standard","meta":{"footnotes":""},"categories":[38,42,22],"tags":[511,531,1026,35],"class_list":["post-6569","post","type-post","status-publish","format-standard","has-post-thumbnail","hentry","category-municipios","category-salta","category-sociedad","tag-aborto-legal","tag-elizabeth-gomez-alcorta","tag-miranda-ruiz-2","tag-salta"],"_links":{"self":[{"href":"https:\/\/lacontracara.com\/index.php\/wp-json\/wp\/v2\/posts\/6569","targetHints":{"allow":["GET"]}}],"collection":[{"href":"https:\/\/lacontracara.com\/index.php\/wp-json\/wp\/v2\/posts"}],"about":[{"href":"https:\/\/lacontracara.com\/index.php\/wp-json\/wp\/v2\/types\/post"}],"author":[{"embeddable":true,"href":"https:\/\/lacontracara.com\/index.php\/wp-json\/wp\/v2\/users\/4"}],"replies":[{"embeddable":true,"href":"https:\/\/lacontracara.com\/index.php\/wp-json\/wp\/v2\/comments?post=6569"}],"version-history":[{"count":1,"href":"https:\/\/lacontracara.com\/index.php\/wp-json\/wp\/v2\/posts\/6569\/revisions"}],"predecessor-version":[{"id":6574,"href":"https:\/\/lacontracara.com\/index.php\/wp-json\/wp\/v2\/posts\/6569\/revisions\/6574"}],"wp:featuredmedia":[{"embeddable":true,"href":"https:\/\/lacontracara.com\/index.php\/wp-json\/wp\/v2\/media\/6573"}],"wp:attachment":[{"href":"https:\/\/lacontracara.com\/index.php\/wp-json\/wp\/v2\/media?parent=6569"}],"wp:term":[{"taxonomy":"category","embeddable":true,"href":"https:\/\/lacontracara.com\/index.php\/wp-json\/wp\/v2\/categories?post=6569"},{"taxonomy":"post_tag","embeddable":true,"href":"https:\/\/lacontracara.com\/index.php\/wp-json\/wp\/v2\/tags?post=6569"}],"curies":[{"name":"wp","href":"https:\/\/api.w.org\/{rel}","templated":true}]}}