{"id":72977,"date":"2026-07-27T10:33:00","date_gmt":"2026-07-27T13:33:00","guid":{"rendered":"https:\/\/lacontracara.com\/?p=72977"},"modified":"2026-08-24T17:34:27","modified_gmt":"2026-08-24T20:34:27","slug":"demoraron-al-camionero-que-traslado-a-la-menor-que-estaba-desaparecida-en-curuzu-cuatia","status":"publish","type":"post","link":"https:\/\/lacontracara.com\/index.php\/2026\/07\/27\/demoraron-al-camionero-que-traslado-a-la-menor-que-estaba-desaparecida-en-curuzu-cuatia\/","title":{"rendered":"Demoraron al camionero que traslad\u00f3 a la menor que estaba desaparecida en Curuz\u00fa Cuati\u00e1"},"content":{"rendered":"","protected":false},"excerpt":{"rendered":"","protected":false},"author":1,"featured_media":72979,"comment_status":"open","ping_status":"open","sticky":false,"template":"","format":"standard","meta":{"footnotes":""},"categories":[23],"tags":[],"class_list":["post-72977","post","type-post","status-publish","format-standard","has-post-thumbnail","hentry","category-policiales"],"_links":{"self":[{"href":"https:\/\/lacontracara.com\/index.php\/wp-json\/wp\/v2\/posts\/72977","targetHints":{"allow":["GET"]}}],"collection":[{"href":"https:\/\/lacontracara.com\/index.php\/wp-json\/wp\/v2\/posts"}],"about":[{"href":"https:\/\/lacontracara.com\/index.php\/wp-json\/wp\/v2\/types\/post"}],"author":[{"embeddable":true,"href":"https:\/\/lacontracara.com\/index.php\/wp-json\/wp\/v2\/users\/1"}],"replies":[{"embeddable":true,"href":"https:\/\/lacontracara.com\/index.php\/wp-json\/wp\/v2\/comments?post=72977"}],"version-history":[{"count":1,"href":"https:\/\/lacontracara.com\/index.php\/wp-json\/wp\/v2\/posts\/72977\/revisions"}],"predecessor-version":[{"id":72980,"href":"https:\/\/lacontracara.com\/index.php\/wp-json\/wp\/v2\/posts\/72977\/revisions\/72980"}],"wp:featuredmedia":[{"embeddable":true,"href":"https:\/\/lacontracara.com\/index.php\/wp-json\/wp\/v2\/media\/72979"}],"wp:attachment":[{"href":"https:\/\/lacontracara.com\/index.php\/wp-json\/wp\/v2\/media?parent=72977"}],"wp:term":[{"taxonomy":"category","embeddable":true,"href":"https:\/\/lacontracara.com\/index.php\/wp-json\/wp\/v2\/categories?post=72977"},{"taxonomy":"post_tag","embeddable":true,"href":"https:\/\/lacontracara.com\/index.php\/wp-json\/wp\/v2\/tags?post=72977"}],"curies":[{"name":"wp","href":"https:\/\/api.w.org\/{rel}","templated":true}]}}