{"id":73034,"date":"2026-08-18T18:27:46","date_gmt":"2026-08-18T21:27:46","guid":{"rendered":"https:\/\/lacontracara.com\/?p=73034"},"modified":"2026-08-24T18:28:13","modified_gmt":"2026-08-24T21:28:13","slug":"saenz-y-gobernadores-del-norte-grande-avanzan-con-nacion-en-una-solucion-para-las-tarifas-en-zonas-calidas","status":"publish","type":"post","link":"https:\/\/lacontracara.com\/index.php\/2026\/08\/18\/saenz-y-gobernadores-del-norte-grande-avanzan-con-nacion-en-una-solucion-para-las-tarifas-en-zonas-calidas\/","title":{"rendered":"S\u00e1enz y gobernadores del Norte Grande avanzan con Naci\u00f3n en una soluci\u00f3n para las tarifas en zonas c\u00e1lidas"},"content":{"rendered":"","protected":false},"excerpt":{"rendered":"","protected":false},"author":1,"featured_media":73036,"comment_status":"open","ping_status":"open","sticky":false,"template":"","format":"standard","meta":{"footnotes":""},"categories":[18],"tags":[],"class_list":["post-73034","post","type-post","status-publish","format-standard","has-post-thumbnail","hentry","category-politica"],"_links":{"self":[{"href":"https:\/\/lacontracara.com\/index.php\/wp-json\/wp\/v2\/posts\/73034","targetHints":{"allow":["GET"]}}],"collection":[{"href":"https:\/\/lacontracara.com\/index.php\/wp-json\/wp\/v2\/posts"}],"about":[{"href":"https:\/\/lacontracara.com\/index.php\/wp-json\/wp\/v2\/types\/post"}],"author":[{"embeddable":true,"href":"https:\/\/lacontracara.com\/index.php\/wp-json\/wp\/v2\/users\/1"}],"replies":[{"embeddable":true,"href":"https:\/\/lacontracara.com\/index.php\/wp-json\/wp\/v2\/comments?post=73034"}],"version-history":[{"count":1,"href":"https:\/\/lacontracara.com\/index.php\/wp-json\/wp\/v2\/posts\/73034\/revisions"}],"predecessor-version":[{"id":73037,"href":"https:\/\/lacontracara.com\/index.php\/wp-json\/wp\/v2\/posts\/73034\/revisions\/73037"}],"wp:featuredmedia":[{"embeddable":true,"href":"https:\/\/lacontracara.com\/index.php\/wp-json\/wp\/v2\/media\/73036"}],"wp:attachment":[{"href":"https:\/\/lacontracara.com\/index.php\/wp-json\/wp\/v2\/media?parent=73034"}],"wp:term":[{"taxonomy":"category","embeddable":true,"href":"https:\/\/lacontracara.com\/index.php\/wp-json\/wp\/v2\/categories?post=73034"},{"taxonomy":"post_tag","embeddable":true,"href":"https:\/\/lacontracara.com\/index.php\/wp-json\/wp\/v2\/tags?post=73034"}],"curies":[{"name":"wp","href":"https:\/\/api.w.org\/{rel}","templated":true}]}}