{"id":73038,"date":"2026-08-18T18:28:58","date_gmt":"2026-08-18T21:28:58","guid":{"rendered":"https:\/\/lacontracara.com\/?p=73038"},"modified":"2026-08-24T18:29:57","modified_gmt":"2026-08-24T21:29:57","slug":"luto-en-el-espectaculo-internacional-se-confirmo-el-fallecimiento-de-la-actriz-hayden-panettiere-a-los-36-anos","status":"publish","type":"post","link":"https:\/\/lacontracara.com\/index.php\/2026\/08\/18\/luto-en-el-espectaculo-internacional-se-confirmo-el-fallecimiento-de-la-actriz-hayden-panettiere-a-los-36-anos\/","title":{"rendered":"Luto en el espect\u00e1culo internacional: Se confirm\u00f3 el fallecimiento de la actriz Hayden Panettiere a los 36 a\u00f1os"},"content":{"rendered":"","protected":false},"excerpt":{"rendered":"","protected":false},"author":1,"featured_media":73040,"comment_status":"open","ping_status":"open","sticky":false,"template":"","format":"standard","meta":{"footnotes":""},"categories":[22],"tags":[],"class_list":["post-73038","post","type-post","status-publish","format-standard","has-post-thumbnail","hentry","category-sociedad"],"_links":{"self":[{"href":"https:\/\/lacontracara.com\/index.php\/wp-json\/wp\/v2\/posts\/73038","targetHints":{"allow":["GET"]}}],"collection":[{"href":"https:\/\/lacontracara.com\/index.php\/wp-json\/wp\/v2\/posts"}],"about":[{"href":"https:\/\/lacontracara.com\/index.php\/wp-json\/wp\/v2\/types\/post"}],"author":[{"embeddable":true,"href":"https:\/\/lacontracara.com\/index.php\/wp-json\/wp\/v2\/users\/1"}],"replies":[{"embeddable":true,"href":"https:\/\/lacontracara.com\/index.php\/wp-json\/wp\/v2\/comments?post=73038"}],"version-history":[{"count":1,"href":"https:\/\/lacontracara.com\/index.php\/wp-json\/wp\/v2\/posts\/73038\/revisions"}],"predecessor-version":[{"id":73041,"href":"https:\/\/lacontracara.com\/index.php\/wp-json\/wp\/v2\/posts\/73038\/revisions\/73041"}],"wp:featuredmedia":[{"embeddable":true,"href":"https:\/\/lacontracara.com\/index.php\/wp-json\/wp\/v2\/media\/73040"}],"wp:attachment":[{"href":"https:\/\/lacontracara.com\/index.php\/wp-json\/wp\/v2\/media?parent=73038"}],"wp:term":[{"taxonomy":"category","embeddable":true,"href":"https:\/\/lacontracara.com\/index.php\/wp-json\/wp\/v2\/categories?post=73038"},{"taxonomy":"post_tag","embeddable":true,"href":"https:\/\/lacontracara.com\/index.php\/wp-json\/wp\/v2\/tags?post=73038"}],"curies":[{"name":"wp","href":"https:\/\/api.w.org\/{rel}","templated":true}]}}