{"id":7614,"date":"2022-01-25T11:47:33","date_gmt":"2022-01-25T14:47:33","guid":{"rendered":"https:\/\/lacontracara.com\/?p=7614"},"modified":"2022-01-25T11:47:35","modified_gmt":"2022-01-25T14:47:35","slug":"escandalo-el-ex-papa-benedicto-xvi-reconocio-que-mintio-en-una-causa-sobre-abuso-sexual-infantil","status":"publish","type":"post","link":"https:\/\/lacontracara.com\/index.php\/2022\/01\/25\/escandalo-el-ex-papa-benedicto-xvi-reconocio-que-mintio-en-una-causa-sobre-abuso-sexual-infantil\/","title":{"rendered":"Esc\u00e1ndalo: el ex papa Benedicto XVI reconoci\u00f3 que minti\u00f3 en una causa sobre abuso sexual infantil"},"content":{"rendered":"\n<p>Benedicto XVI\u00a0admiti\u00f3 ayer que estuvo presente\u00a0en una reuni\u00f3n en la que se habl\u00f3 de\u00a0<strong>un sacerdote acusado de abusos sexuales\u00a0<\/strong>cuando era arzobispo de Munich-Freising, entre 1977 y 1982, y\u00a0<strong>atribuy\u00f3 a<\/strong>\u00a0<strong>un \u00aberror en la edici\u00f3n de su anterior declaraci\u00f3n\u00bb<\/strong>\u00a0el haber negado previamente su presencia\u00a0en el encuentro.<\/p>\n\n\n\n<p>El papa em\u00e9rito se pronunci\u00f3 as\u00ed ayer sobre su declaraci\u00f3n recogida en el informe de\u00a0abusos sexuales\u00a0de la\u00a0<strong>di\u00f3cesis de Munich, que contabiliz\u00f3 al menos 497 v\u00edctimas entre 1945 y 2019\u00a0<\/strong>y que\u00a0lo acusa de conducta indebida en al menos cuatro de ellos.<\/p>\n\n\n\n<figure class=\"wp-block-image size-full\"><img loading=\"lazy\" decoding=\"async\" width=\"834\" height=\"553\" src=\"https:\/\/lacontracara.com\/wp-content\/uploads\/2022\/01\/Imagen25-6.png\" alt=\"\" class=\"wp-image-7618\" srcset=\"https:\/\/lacontracara.com\/wp-content\/uploads\/2022\/01\/Imagen25-6.png 834w, https:\/\/lacontracara.com\/wp-content\/uploads\/2022\/01\/Imagen25-6-300x199.png 300w, https:\/\/lacontracara.com\/wp-content\/uploads\/2022\/01\/Imagen25-6-768x509.png 768w, https:\/\/lacontracara.com\/wp-content\/uploads\/2022\/01\/Imagen25-6-696x461.png 696w, https:\/\/lacontracara.com\/wp-content\/uploads\/2022\/01\/Imagen25-6-633x420.png 633w\" sizes=\"auto, (max-width: 834px) 100vw, 834px\" \/><\/figure>\n\n\n\n<p>Seg\u00fan dijo su secretario privado, Georg G\u00e4nswein, a la Agencia Cat\u00f3lica de Noticias (KNA), el Papa em\u00e9rito\u00a0<strong>hab\u00eda negado su presencia en tal reuni\u00f3n por \u00abun error\u00bb en la edici\u00f3n de su declaraci\u00f3n\u00a0<\/strong>acerca de una de las reuniones citadas por el informe.<\/p>\n\n\n\n<p>\u00ab<strong>El error no fue cometido de mala fe<\/strong>\u00ab, sino que&nbsp;fue el \u00abresultado de un error en el procesamiento editorial de su declaraci\u00f3n\u00bb.&nbsp;\u00ab<strong>\u00c9l est\u00e1 muy arrepentido por esto y se disculpa<\/strong>\u00ab, expres\u00f3 G\u00e4nswein.<\/p>\n\n\n\n<p>De este modo, Benedicto XVI manifest\u00f3 que \u00abs\u00ed particip\u00f3 en la reuni\u00f3n del ordinariato el 15 de enero de 1980\u00bb, seg\u00fan el comunicado que cit\u00f3<em>\u00a0Vatican News<\/em>.<\/p>\n\n\n\n<figure class=\"wp-block-image size-full\"><img loading=\"lazy\" decoding=\"async\" width=\"834\" height=\"552\" src=\"https:\/\/lacontracara.com\/wp-content\/uploads\/2022\/01\/Imagen24-6.png\" alt=\"\" class=\"wp-image-7619\" srcset=\"https:\/\/lacontracara.com\/wp-content\/uploads\/2022\/01\/Imagen24-6.png 834w, https:\/\/lacontracara.com\/wp-content\/uploads\/2022\/01\/Imagen24-6-300x199.png 300w, https:\/\/lacontracara.com\/wp-content\/uploads\/2022\/01\/Imagen24-6-768x508.png 768w, https:\/\/lacontracara.com\/wp-content\/uploads\/2022\/01\/Imagen24-6-696x461.png 696w, https:\/\/lacontracara.com\/wp-content\/uploads\/2022\/01\/Imagen24-6-635x420.png 635w\" sizes=\"auto, (max-width: 834px) 100vw, 834px\" \/><\/figure>\n\n\n\n<p>Sin embargo, asegur\u00f3 que en aquella reuni\u00f3n&nbsp;\u00abno se tom\u00f3 ninguna decisi\u00f3n\u00bb sobre la designaci\u00f3n pastoral del sacerdote en cuesti\u00f3n, sino que en realidad solo se afront\u00f3 el tema desde la perspectiva de<strong>&nbsp;\u00abpermitir un alojamiento\u00bb para el sacerdote mientras recib\u00eda tratamiento terap\u00e9utico<\/strong>&nbsp;en Munich.<\/p>\n\n\n\n<p>El informe elaborado por<strong>&nbsp;el bufete de abogados&nbsp;<\/strong>Westpfahl Spilker Wastl (WSW), que llev\u00f3 a cabo el peritaje en nombre de la archidi\u00f3cesis,&nbsp;<strong>mostraba un acta de la reuni\u00f3n en la que se dec\u00eda que estuvo presente&nbsp;<\/strong>y rechaz\u00f3 la negaci\u00f3n por considerarla \u00abpoco cre\u00edble\u00bb.<\/p>\n\n\n\n<p>Tras el informe,\u00a0<strong>Benedicto XVI\u00a0dijo sentir \u00abverg\u00fcenza\u00bb ante los casos de abusos sexuales en la Iglesia cat\u00f3lica alemana\u00a0<\/strong>y expres\u00f3 su \u00abcercan\u00eda\u00bb a las v\u00edctimas, aunque apunt\u00f3 a que todav\u00eda no lo ha le\u00eddo por completo y que lo har\u00e1 en los pr\u00f3ximos d\u00edas.<\/p>\n\n\n\n<p>\u00abBenedicto XVI hasta hoy por la tarde no ha sabido del informe del bufete de abogados Westpfahl-Spilker-Wastl, que cuenta con m\u00e1s de 1.000 p\u00e1ginas.<strong>&nbsp;En los pr\u00f3ximos d\u00edas examinar\u00e1 con atenci\u00f3n el documento<\/strong>\u00ab, declar\u00f3&nbsp;G\u00e4nswein.<\/p>\n\n\n\n<p>\u00abEl Papa em\u00e9rito, como ya ha reiterado varias veces durante su pontificado, expresa la<strong>&nbsp;turbaci\u00f3n y la verg\u00fcenza que le producen los abusos sexuales a menores cometidos por cl\u00e9rigos&nbsp;<\/strong>y manifiesta su personal cercan\u00eda y su oraci\u00f3n a todas las v\u00edctimas con algunas de las cuales se ha encontrado personalmente durante sus viajes Apost\u00f3licos\u00bb, asegur\u00f3 el prelado.<\/p>\n","protected":false},"excerpt":{"rendered":"<p>Benedicto XVI\u00a0admiti\u00f3 ayer que estuvo presente\u00a0en una reuni\u00f3n en la que se habl\u00f3 de\u00a0un sacerdote acusado de abusos sexuales\u00a0cuando era arzobispo de Munich-Freising, entre 1977 y 1982, y\u00a0atribuy\u00f3 a\u00a0un \u00aberror&#8230; <\/p>\n","protected":false},"author":4,"featured_media":7620,"comment_status":"open","ping_status":"open","sticky":false,"template":"","format":"standard","meta":{"footnotes":""},"categories":[26],"tags":[860,1211,1234],"class_list":["post-7614","post","type-post","status-publish","format-standard","has-post-thumbnail","hentry","category-internacionales","tag-abuso-infantil","tag-papa-emerito-benedicto-xvi","tag-vaticano"],"_links":{"self":[{"href":"https:\/\/lacontracara.com\/index.php\/wp-json\/wp\/v2\/posts\/7614","targetHints":{"allow":["GET"]}}],"collection":[{"href":"https:\/\/lacontracara.com\/index.php\/wp-json\/wp\/v2\/posts"}],"about":[{"href":"https:\/\/lacontracara.com\/index.php\/wp-json\/wp\/v2\/types\/post"}],"author":[{"embeddable":true,"href":"https:\/\/lacontracara.com\/index.php\/wp-json\/wp\/v2\/users\/4"}],"replies":[{"embeddable":true,"href":"https:\/\/lacontracara.com\/index.php\/wp-json\/wp\/v2\/comments?post=7614"}],"version-history":[{"count":1,"href":"https:\/\/lacontracara.com\/index.php\/wp-json\/wp\/v2\/posts\/7614\/revisions"}],"predecessor-version":[{"id":7621,"href":"https:\/\/lacontracara.com\/index.php\/wp-json\/wp\/v2\/posts\/7614\/revisions\/7621"}],"wp:featuredmedia":[{"embeddable":true,"href":"https:\/\/lacontracara.com\/index.php\/wp-json\/wp\/v2\/media\/7620"}],"wp:attachment":[{"href":"https:\/\/lacontracara.com\/index.php\/wp-json\/wp\/v2\/media?parent=7614"}],"wp:term":[{"taxonomy":"category","embeddable":true,"href":"https:\/\/lacontracara.com\/index.php\/wp-json\/wp\/v2\/categories?post=7614"},{"taxonomy":"post_tag","embeddable":true,"href":"https:\/\/lacontracara.com\/index.php\/wp-json\/wp\/v2\/tags?post=7614"}],"curies":[{"name":"wp","href":"https:\/\/api.w.org\/{rel}","templated":true}]}}