{"id":8071,"date":"2022-01-27T12:27:29","date_gmt":"2022-01-27T15:27:29","guid":{"rendered":"https:\/\/lacontracara.com\/?p=8071"},"modified":"2022-01-27T12:27:31","modified_gmt":"2022-01-27T15:27:31","slug":"el-expresidente-de-paraguay-horacio-cartes-denunciado-por-enriquecimiento-ilicito-y-lavado-de-dinero","status":"publish","type":"post","link":"https:\/\/lacontracara.com\/index.php\/2022\/01\/27\/el-expresidente-de-paraguay-horacio-cartes-denunciado-por-enriquecimiento-ilicito-y-lavado-de-dinero\/","title":{"rendered":"El expresidente de Paraguay Horacio Cartes denunciado por enriquecimiento il\u00edcito y lavado de dinero"},"content":{"rendered":"\n<p>El expresidente de Paraguay,\u00a0Horacio Cartes, fue denunciado por el ministro de Interior, Arnaldo Giuzzo, por el\u00a0<strong>\u201ccrecimiento patrimonial desmesurado\u201d<\/strong>\u00a0durante su gobierno. En la denuncia, interpuesta ante la Secretar\u00eda de Prevenci\u00f3n de Lavado de Dinero o Bienes (Seprelad), el ministro precisa que\u00a0<strong>se encontr\u00f3 una suma de 300 millones de d\u00f3lares en el patrimonio de Cartes<\/strong>.<\/p>\n\n\n\n<h2 class=\"wp-block-heading\" id=\"crecimiento-millonario\">Crecimiento millonario<\/h2>\n\n\n\n<p>El ministro de Interior de Paraguay, Arnaldo Giuzzo, denunci\u00f3 al expresidente del partido Colorado Horacio Cartes porque entre 2013 y 2018, periodo en el que ocup\u00f3 la primera magistratura del pa\u00eds,&nbsp;<strong>el exmandatario tuvo un crecimiento millonario en su patrimonio<\/strong>. \u201cSe encontr\u00f3 una suma de 300 millones de d\u00f3lares m\u00e1s o menos, que al cambio de la \u00e9poca ser\u00edan unos&nbsp;<strong>dos billones de guaran\u00edes<\/strong>\u201d, explic\u00f3 el ministro.<\/p>\n\n\n\n<p>En este sentido, Giuzzo precis\u00f3 que en la denuncia se hace referencia a<strong>\u00a0declaraci\u00f3n falsa de patrimonio por parte de Cartes quien realiz\u00f3 varias rectificaciones a sus declaraciones juradas<\/strong>. Seg\u00fan el matutino local<em>\u00a0\u00daltima Hor<\/em>a tambi\u00e9n est\u00e1 bajo investigaci\u00f3n empresas que tienen\u00a0<strong>v\u00ednculos con el expresidente colorado, como la Tabacalera del Este (Tabesa) que actualmente esta siendo investigada a nivel internacional. Giuzzo afirm\u00f3 que pa\u00edses como Colombia, Brasil, e incluso M\u00e9xico est\u00e1n investigando a Tabesa.<\/strong><\/p>\n\n\n\n<figure class=\"wp-block-embed aligncenter is-type-rich is-provider-twitter wp-block-embed-twitter\"><div class=\"wp-block-embed__wrapper\">\n<blockquote class=\"twitter-tweet\" data-width=\"500\" data-dnt=\"true\"><p lang=\"es\" dir=\"ltr\">Present\u00e9 denuncia contra Horacio Cartes, por los indicios de hechos punibles como el LAVADO DE DINERO PROVENIENTE DEL CONTRABANDO, ENRIQUECIMIENTO IL\u00cdCITO EN LA FUNCI\u00d3N P\u00daBLICA Y DECLARACI\u00d3N FALSA \ud83d\udc47<\/p>&mdash; Arnaldo Giuzzio (@arnaldogiuzzio) <a href=\"https:\/\/twitter.com\/arnaldogiuzzio\/status\/1486380722034294785?ref_src=twsrc%5Etfw\">January 26, 2022<\/a><\/blockquote><script async src=\"https:\/\/platform.twitter.com\/widgets.js\" charset=\"utf-8\"><\/script>\n<\/div><\/figure>\n\n\n\n<h2 class=\"wp-block-heading\" id=\"amigo-de-macri\">Amigo de Macri<\/h2>\n\n\n\n<p>Cartes tambi\u00e9n<strong>&nbsp;compartir\u00eda negocios con el expresidente argentino Mauricio Macri,<\/strong>&nbsp;a quien recibi\u00f3 en enero del a\u00f1o pasado, en plena pandemia, luego de poner un avi\u00f3n privado a su disposici\u00f3n, ingresando con un permiso especial ya que por entonces las fronteras paraguayas estaban cerradas.&nbsp;<strong>En el aeropuerto de Asunci\u00f3n Cartes lo recibi\u00f3 sin tapabocas y con un abrazo, violando los protocolos m\u00ednimos<\/strong>&nbsp;de seguridad. Nunca se supo oficialmente de qu\u00e9 hablaron.<\/p>\n\n\n\n<p>&nbsp;El ministro Guizzo explic\u00f3 que&nbsp;<strong>la decisi\u00f3n de presentar la denuncia ante la Seprelad y no el ministerio p\u00fablico de Paraguay&nbsp;<\/strong>tiene que ver con la&nbsp;<strong>intenci\u00f3n de que la investigaci\u00f3n avance r\u00e1pidamente<\/strong>. Giuzzo asegur\u00f3 que el Seprelad cuenta con la inteligencia financiera para realizar las verificaciones dentro y fuera del pa\u00eds.<\/p>\n\n\n\n<h2 class=\"wp-block-heading\" id=\"investigacion-internacional\">Investigaci\u00f3n internacional<\/h2>\n\n\n\n<p>En tanto, Carlos Arregui, director de Seprelad, respald\u00f3 la decisi\u00f3n de Giuzzo de presentar la denuncia ante esa secretar\u00eda.<strong>&nbsp;\u201cPide una serie de cosas que tienen que ver con \u00f3rganos internacionales. Seprelad es el encargado de eso\u201d<\/strong>, afirm\u00f3 a la prensa local. Arregui tambi\u00e9n fue consultado sobre la decisi\u00f3n del ministro de Interior de no presentar la denuncia ante la fiscal\u00eda, dirigida por Sandra Qui\u00f1\u00f3nez desde el mandato del expresidente se\u00f1alado.&nbsp;<strong>Arregui remarc\u00f3 que tiene que ver con la celeridad que puede ofrecer el la secretar\u00eda de prevenci\u00f3n de lavado de dinero en la investigaci\u00f3n<\/strong><\/p>\n\n\n\n<p><strong>\u201cFormamos parte de una red segura internacional. Hay diligencias que deben ser agotadas, trabajamos con la Fiscal\u00eda. Ya hemos tenido antecedentes y resultados m\u00e1s r\u00e1pidos que los fiscales\u201d<\/strong>, se\u00f1al\u00f3 Arregui, quien adem\u00e1s se refiri\u00f3 a las investigaciones sobre Cartes que est\u00e1n en curso fuera de Paraguay.&nbsp;<strong>\u201cEstamos autorizados para hacer una serie de pedidos, sobre todo en el contexto internacional. Trabajamos con correos seguros y una red internacional.<\/strong>&nbsp;Hay informaci\u00f3n recabada (sobre Cartes) de otras unidades similares de otros pa\u00edses\u201d, a\u00f1adi\u00f3.<\/p>\n\n\n\n<p>Respecto a una posterior colaboraci\u00f3n con la Fiscal\u00eda, Arregui afirm\u00f3 que una vez que su oficina haya realizado las pesquisas necesarias analizar\u00e1n su env\u00edo al ministerio p\u00fablico.&nbsp;<strong>\u201cLos fiscales se han valido de los informes de inteligencia de Seprelad. Nosotros vamos a hacer una serie de diligencias que son nuestra competencia, luego vamos a ver si las enviamos al ministerio p\u00fablico\u201d<\/strong>, indic\u00f3.<\/p>\n\n\n\n<p>La denuncia a Cartes por enriquecimiento durante su mandato hab\u00eda sido anunciada la semana pasada por Giuzzo. \u00ab<strong>A prop\u00f3sito de deudas, llama la atenci\u00f3n los pr\u00e9stamos millonarios de Cartes a gente de su entorno\u00bb,<\/strong>&nbsp;escribi\u00f3 d\u00edas atr\u00e1s en su cuenta de Twitter. Esta semana Giuzzo, que integra el gabinete del actual presidente, el colorado&nbsp;<strong>Mario Abdo Ben\u00edtez,<\/strong>&nbsp;present\u00f3 la denuncia a t\u00edtulo personal, por fuera de su cargo en el Ejecutivo. Luego de que el ministro presentara la denuncia,&nbsp;<strong>Eduardo Gonz\u00e1lez,<\/strong>&nbsp;apoderado del movimiento Honor Colorado, el grupo de Cartes, acus\u00f3 que \u201cGiuzzio hace esta denuncia ante este organismo administrativo porque no tiene pruebas de nada\u201d, indic\u00f3 al medio paraguayo&nbsp;<em>La Naci\u00f3n.<\/em><\/p>\n\n\n\n<h2 class=\"wp-block-heading\" id=\"division-colorada\">Divisi\u00f3n colorada<\/h2>\n\n\n\n<p>La escena pol\u00edtica de Paraguay en los \u00faltimos 70 a\u00f1os ha estado protagonizada por el partido Colorado, con la excepci\u00f3n del gobierno de izquierda del expresidente\u00a0<strong>Fernando Lugo<\/strong>\u00a0que gobern\u00f3 desde 2008 hasta el 2012 cuando fue depuesto en un golpe de Estado. En ese momento, el entonces vice de Lugo,<strong>\u00a0Federico Franco<\/strong>, asumi\u00f3 la presidencia y un a\u00f1o m\u00e1s tarde, derrotado en las urnas, le entreg\u00f3 el poder al colorado Horacio Cartes.<\/p>\n\n\n\n<p><strong>A pesar de esta hegemon\u00eda, dentro del partido Colorado existen divisiones.&nbsp;<\/strong>Por un lado, el vicepresidente<strong>&nbsp;Hugo Velazquez<\/strong>, asegur\u00f3 que \u201cel enemigo a vencer es el dinero de Cartes\u201d en referencia a las internas en el oficialista Asociaci\u00f3n Nacional Republicana-Partido Colorado que se llevar\u00e1n a cabo en diciembre.<\/p>\n\n\n\n<p>\u201cEl poder econ\u00f3mico que \u00e9l tiene es ilimitado. Much\u00edsimos l\u00edderes regionales est\u00e1n comentando que est\u00e1n recibiendo ofertas de recursos econ\u00f3micos extraordinarios en donde se les ofrece una prima, primero, un monto grande determinado y una mensualidad a los efectos, entre comillas, de la campa\u00f1a pol\u00edtica\u201d, dijo Vel\u00e1zquez a los medios locales.&nbsp;<strong>Para las pr\u00f3ximas internas el vicepresidente form\u00f3 un movimiento anticartista llamado Fuerza Rep\u00fablica, que adem\u00e1s cuenta con el respaldo de Abdo Benitez.<\/strong><\/p>\n","protected":false},"excerpt":{"rendered":"<p>El expresidente de Paraguay,\u00a0Horacio Cartes, fue denunciado por el ministro de Interior, Arnaldo Giuzzo, por el\u00a0\u201ccrecimiento patrimonial desmesurado\u201d\u00a0durante su gobierno. En la denuncia, interpuesta ante la Secretar\u00eda de Prevenci\u00f3n de&#8230; <\/p>\n","protected":false},"author":4,"featured_media":8075,"comment_status":"open","ping_status":"open","sticky":false,"template":"","format":"standard","meta":{"footnotes":""},"categories":[26],"tags":[1333,649,1334],"class_list":["post-8071","post","type-post","status-publish","format-standard","has-post-thumbnail","hentry","category-internacionales","tag-mario-abdo-benitez","tag-paraguay","tag-partido-colorado"],"_links":{"self":[{"href":"https:\/\/lacontracara.com\/index.php\/wp-json\/wp\/v2\/posts\/8071","targetHints":{"allow":["GET"]}}],"collection":[{"href":"https:\/\/lacontracara.com\/index.php\/wp-json\/wp\/v2\/posts"}],"about":[{"href":"https:\/\/lacontracara.com\/index.php\/wp-json\/wp\/v2\/types\/post"}],"author":[{"embeddable":true,"href":"https:\/\/lacontracara.com\/index.php\/wp-json\/wp\/v2\/users\/4"}],"replies":[{"embeddable":true,"href":"https:\/\/lacontracara.com\/index.php\/wp-json\/wp\/v2\/comments?post=8071"}],"version-history":[{"count":1,"href":"https:\/\/lacontracara.com\/index.php\/wp-json\/wp\/v2\/posts\/8071\/revisions"}],"predecessor-version":[{"id":8076,"href":"https:\/\/lacontracara.com\/index.php\/wp-json\/wp\/v2\/posts\/8071\/revisions\/8076"}],"wp:featuredmedia":[{"embeddable":true,"href":"https:\/\/lacontracara.com\/index.php\/wp-json\/wp\/v2\/media\/8075"}],"wp:attachment":[{"href":"https:\/\/lacontracara.com\/index.php\/wp-json\/wp\/v2\/media?parent=8071"}],"wp:term":[{"taxonomy":"category","embeddable":true,"href":"https:\/\/lacontracara.com\/index.php\/wp-json\/wp\/v2\/categories?post=8071"},{"taxonomy":"post_tag","embeddable":true,"href":"https:\/\/lacontracara.com\/index.php\/wp-json\/wp\/v2\/tags?post=8071"}],"curies":[{"name":"wp","href":"https:\/\/api.w.org\/{rel}","templated":true}]}}